{"id":5835,"date":"2023-03-16T07:52:27","date_gmt":"2023-03-16T07:52:27","guid":{"rendered":"http:\/\/gallerynine5.com\/blog\/hogyan-alakitsunk-at-egy-hihetetlen-szervezeti-lehetosegge-valo-atterest\/"},"modified":"2023-03-16T07:52:27","modified_gmt":"2023-03-16T07:52:27","slug":"hogyan-alakitsunk-at-egy-hihetetlen-szervezeti-lehetosegge-valo-atterest","status":"publish","type":"blog","link":"https:\/\/gallerynine5.com\/hu\/blog\/hogyan-alakitsunk-at-egy-hihetetlen-szervezeti-lehetosegge-valo-atterest\/","title":{"rendered":"Hogyan v\u00e1lasszuk a k\u00f6lt\u00f6z\u00e9st hihetetlen szervezeti lehet\u0151s\u00e9gg\u00e9"},"content":{"rendered":"<div class=\"blog-post w-richtext\">\n<p><font style=\"vertical-align: inherit;\"><font style=\"vertical-align: inherit;\">Szinte mindenki tapasztalt m\u00e1r \u00e9let\u00e9ben legal\u00e1bb egyszer k\u00f6lt\u00f6z\u00e9st. <\/font><font style=\"vertical-align: inherit;\">A legt\u00f6bb esetben retteg\u00fcnk a k\u00f6lt\u00f6z\u00e9s folyamat\u00e1t\u00f3l. <\/font><font style=\"vertical-align: inherit;\">Azonban hihetetlen lehet\u0151s\u00e9get tartogat sz\u00e1modra, ha k\u00f6lt\u00f6z\u00e9s el\u0151tt \u00e1llsz. <\/font><font style=\"vertical-align: inherit;\">V\u00e9gre \u00e1tszervezheti \u00e9s \u00fajratervezheti otthon\u00e1t egy funkcion\u00e1lisabb, kezelhet\u0151bb \u00e9s szimpatikusabb st\u00edlusban!<\/font><\/font><\/p>\n<p><font style=\"vertical-align: inherit;\"><font style=\"vertical-align: inherit;\">Ma v\u00e9gigmegy\u00fcnk a k\u00f6lt\u00f6z\u00e9s folyamat\u00e1n, \u00e9s azt, hogyan terelj\u00fck a dolgokat egyidej\u0171leg a helyes ir\u00e1nyba, hogy szervezettebb\u00e9 v\u00e1ljunk. <\/font><font style=\"vertical-align: inherit;\">Megmutatjuk, hogyan kell megfelel\u0151en megtervezni a k\u00f6lt\u00f6z\u00e9st, elt\u00e1vol\u00edtani a felesleges holmikat, \u00e9s ennek k\u00f6vetkezt\u00e9ben \u00faj otthona bels\u0151 kialak\u00edt\u00e1s\u00e1t olyann\u00e1 var\u00e1zsolni, amire mindig is v\u00e1gyott.<\/font><\/font><\/p>\n<p><font style=\"vertical-align: inherit;\"><font style=\"vertical-align: inherit;\">\u200d<\/font><\/font><\/p>\n<p><strong><font style=\"vertical-align: inherit;\"><font style=\"vertical-align: inherit;\">Tervez\u00e9s \u00e9s felk\u00e9sz\u00fcl\u00e9s a szervezetet szem el\u0151tt tartva<\/font><\/font><\/strong><\/p>\n<p><font style=\"vertical-align: inherit;\"><font style=\"vertical-align: inherit;\">Miel\u0151tt elkezden\u00e9 a dobozok becsomagol\u00e1s\u00e1t \u00e9s a b\u00fatorok mozgat\u00e1s\u00e1t, k\u00e9sz\u00edtsen egy tervet. <\/font><font style=\"vertical-align: inherit;\">A tervez\u00e9snek van n\u00e9h\u00e1ny szakasza, amelyekkel tiszt\u00e1ban kell lenni. <\/font><font style=\"vertical-align: inherit;\">El\u0151sz\u00f6r is figyelembe kell vennie, hogyan \u00e9rzi mag\u00e1t jelenlegi otthon\u00e1ban. <\/font><font style=\"vertical-align: inherit;\">A st\u00edlus az, amit akart\u00e1l? <\/font><font style=\"vertical-align: inherit;\">Felhalmoz\u00f3dott f\u00f6l\u00f6sleges rendetlens\u00e9g? <\/font><font style=\"vertical-align: inherit;\">T\u00f6bb vagy kevesebb helyed lesz az \u00faj otthonodban?<\/font><\/font><\/p>\n<p><font style=\"vertical-align: inherit;\"><font style=\"vertical-align: inherit;\">Ezek a k\u00e9rd\u00e9sek seg\u00edtenek meghat\u00e1rozni, hol lesz a f\u00f3kusz, \u00e9s hogyan fog kin\u00e9zni \u00faj otthona. <\/font><font style=\"vertical-align: inherit;\">Ez\u00e9rt ez egy d\u00f6nt\u0151 l\u00e9p\u00e9s, \u00e9s mind\u00f6ssze annyit kell tennie, hogy felteszi mag\u00e1nak a megfelel\u0151 k\u00e9rd\u00e9seket. <\/font><font style=\"vertical-align: inherit;\">Id\u0151vel felhalmozunk egy gy\u0171jtem\u00e9nyt k\u00fcl\u00f6nf\u00e9le holmikb\u00f3l, amelyekre nincs sz\u00fcks\u00e9g\u00fcnk. <\/font><font style=\"vertical-align: inherit;\">Teh\u00e1t k\u00e9sz\u00edtsen egy list\u00e1t a priorit\u00e1sair\u00f3l, hogy mi az, ami igaz\u00e1n \u00e9rdekel, amikor a holmijait elemzi. <\/font><font style=\"vertical-align: inherit;\">Ez nagyszer\u0171 lehet\u0151s\u00e9g lesz arra, hogy megszabaduljon a felesleges rendetlens\u00e9gt\u0151l, amely akad\u00e1lyozza jelenlegi otthona funkcionalit\u00e1s\u00e1t \u00e9s kialak\u00edt\u00e1s\u00e1t.<\/font><\/font><\/p>\n<p><font style=\"vertical-align: inherit;\"><font style=\"vertical-align: inherit;\">Ezut\u00e1n egy tervvel szeretn\u00e9 fel\u00e9p\u00edteni a napjait. <\/font><font style=\"vertical-align: inherit;\">A pakol\u00e1st \u00e9s a k\u00f6lt\u00f6z\u00e9st ne r\u00f6gt\u00f6n\u00f6zve \u00e9s rohan\u00e1ssal v\u00e9gezze, minden nap vil\u00e1gos c\u00e9lokat kell kit\u0171znie. <\/font><font style=\"vertical-align: inherit;\">P\u00e9ld\u00e1ul: lehet, hogy az els\u0151 nap a felesleges holmikra \u00f6sszpontos\u00edt, ahelyett, hogy a h\u00e1l\u00f3szob\u00e1kat \u00e9s a nappalikat pakoln\u00e1 \u00f6ssze. <\/font><font style=\"vertical-align: inherit;\">Biztos akar lenni abban, hogy el\u0151sz\u00f6r bepakolja azt, amire nincs sz\u00fcks\u00e9ge, \u00e9s az olyan t\u00e1rgyak k\u00f6lt\u00f6ztet\u00e9se, mint a konyha \u00e9s a f\u00fcrd\u0151szoba, az utols\u00f3, mivel ezeket a k\u00f6lt\u00f6z\u00e9si folyamat sor\u00e1n tov\u00e1bbra is haszn\u00e1lni fogja. <\/font><font style=\"vertical-align: inherit;\">\u00dcgyeljen arra, hogy sz\u00e1njon id\u0151t az \u00e9tkez\u00e9sre, a pihen\u00e9sre \u00e9s az egy\u00e9b k\u00f6telezetts\u00e9gekkel val\u00f3 foglalkoz\u00e1sra. <\/font><font style=\"vertical-align: inherit;\">\u00cdgy \u00e1ltal\u00e1nos k\u00e9pet kaphat arr\u00f3l, hogy ez mennyi ideig tart, \u00e9s seg\u00edt rendezni az id\u0151gazd\u00e1lkod\u00e1ssal kapcsolatos aggodalmait.<\/font><\/font><\/p>\n<p><font style=\"vertical-align: inherit;\"><font style=\"vertical-align: inherit;\">V\u00e9g\u00fcl meg akarja tervezni, hogy mivel mozgatja a dolgokat. <\/font><font style=\"vertical-align: inherit;\">Ide tartoznak a dobozok, csomagol\u00f3szalagok, c\u00edmk\u00e9k, m\u0171anyag kont\u00e9nerek, k\u00f6lt\u00f6ztet\u0151 c\u00e9gek stb. Miel\u0151tt elkezden\u00e9 a k\u00f6lt\u00f6z\u00e9st, k\u00e9szen kell \u00e1llnia a megfelel\u0151 felszerel\u00e9sre. <\/font><font style=\"vertical-align: inherit;\">V\u00e1s\u00e1rolja meg el\u0151re az \u00f6sszes sz\u00fcks\u00e9ges dobozt \u00e9s kell\u00e9ket, \u00e9s tervezzen k\u00f6lt\u00f6ztet\u0151 c\u00e9geket ( <\/font><\/font><a href=\"https:\/\/www.goempiremovers.com\/\" target=\"_blank\" rel=\"noopener\"><font style=\"vertical-align: inherit;\"><font style=\"vertical-align: inherit;\">NYC k\u00f6lt\u00f6ztet\u0151k<\/font><\/font><\/a><font style=\"vertical-align: inherit;\"><font style=\"vertical-align: inherit;\"> ) nagy b\u00fatorok \u00e9s k\u00e9sz\u00fcl\u00e9kek beszerz\u00e9s\u00e9re a k\u00f6lt\u00f6z\u00e9shez k\u00e9sz\u00edtett \u00fctemterv szerint.<\/font><\/font><\/p>\n<p><font style=\"vertical-align: inherit;\"><font style=\"vertical-align: inherit;\">\u200d<\/font><\/font><\/p>\n<p><strong><font style=\"vertical-align: inherit;\"><font style=\"vertical-align: inherit;\">Ideje mozogni<\/font><\/font><\/strong><\/p>\n<p><font style=\"vertical-align: inherit;\"><font style=\"vertical-align: inherit;\">Ez a k\u00f6lt\u00f6z\u00e9si folyamat rettegett r\u00e9sze mindenki sz\u00e1m\u00e1ra: t\u00e9nylegesen meg kell csin\u00e1lni. <\/font><font style=\"vertical-align: inherit;\">Pr\u00f3b\u00e1ld meg m\u00e9gis izgalmasnak tekinteni. <\/font><font style=\"vertical-align: inherit;\">Val\u00f3j\u00e1ban mindent meg kell szerveznie, \u00e9s \u00e1tf\u00e9s\u00fclheti a holmij\u00e1t, hogy megtiszt\u00edtsa azt, amire nincs sz\u00fcks\u00e9ge. <\/font><font style=\"vertical-align: inherit;\">A k\u00f6lt\u00f6z\u00e9s azt jelenti, hogy egy eg\u00e9sz otthont kibeleznek minden holmib\u00f3l. <\/font><font style=\"vertical-align: inherit;\">Ez azt jelenti, hogy lehet\u0151s\u00e9get kap arra, hogy val\u00f3ban meghat\u00e1rozza, mire van sz\u00fcks\u00e9ge, \u00e9s mit\u0151l szabadulhat meg.<\/font><\/font><\/p>\n<p><font style=\"vertical-align: inherit;\"><font style=\"vertical-align: inherit;\">Terveit szem el\u0151tt tartva \u00f6nk\u00e9nyes holmikkal szeretne kezdeni. <\/font><font style=\"vertical-align: inherit;\">Olyan dolgok, amelyekre a k\u00f6lt\u00f6z\u00e9s sor\u00e1n nem lesz sz\u00fcks\u00e9ge. <\/font><font style=\"vertical-align: inherit;\">Ezek a padl\u00e1son elhelyezett dolgok, a t\u00e1rol\u00f3helyis\u00e9gben porosod\u00f3 dolgok. <\/font><font style=\"vertical-align: inherit;\">Ezek a ter\u00fcletek a legid\u0151ig\u00e9nyesebbek, ez\u00e9rt kezdje el itt, mivel az amb\u00edci\u00f3i kezdetben a legmagasabbak lesznek.<\/font><\/font><\/p>\n<p><font style=\"vertical-align: inherit;\"><font style=\"vertical-align: inherit;\">Minden t\u00e1rgy, amit meg\u00e9rint, felteszi a k\u00e9rd\u00e9st: sz\u00fcks\u00e9gem van erre? <\/font><font style=\"vertical-align: inherit;\">L\u00e9gy \u0151szinte, ha ez olyasmi, amit \u00e9vek \u00f3ta nem l\u00e1tott, val\u00f3sz\u00edn\u0171leg megszabadulhat t\u0151le. <\/font><font style=\"vertical-align: inherit;\">\u00cdgy t\u00f6bb hely marad az \u00faj otthonban a megfelel\u0151 st\u00edlushoz, rendszerez\u00e9shez \u00e9s \u00fajratervez\u00e9shez.<\/font><\/font><\/p>\n<p><font style=\"vertical-align: inherit;\"><font style=\"vertical-align: inherit;\">Csomagol\u00e1skor minden dobozon jel\u00f6lje meg, hogy mi van benne. <\/font><font style=\"vertical-align: inherit;\">\u00cdgy nem kell tal\u00e1lgat\u00e1sokkal j\u00e1tszania, \u00e9s minden dobozt gyorsan az \u00faj otthon megfelel\u0151 szob\u00e1j\u00e1ba rendezhet. <\/font><font style=\"vertical-align: inherit;\">Ezenk\u00edv\u00fcl meg kell tennie a megfelel\u0151 int\u00e9zked\u00e9seket annak biztos\u00edt\u00e1s\u00e1ra, hogy minden j\u00f3l v\u00e9dett legyen az utaz\u00e1shoz. <\/font><font style=\"vertical-align: inherit;\">Ez azt jelenti, hogy f\u00f6ldimogyor\u00f3t, takar\u00f3kat \u00e9s \u00fajs\u00e1gokat kell becsomagolni ezeknek a k\u00e9nyes holmiknak.<\/font><\/font><\/p>\n<p><font style=\"vertical-align: inherit;\"><font style=\"vertical-align: inherit;\">Ne felejtsen el sz\u00fcneteket tartani k\u00f6z\u00f6tt. <\/font><font style=\"vertical-align: inherit;\">A k\u00f6lt\u00f6z\u00e9s neh\u00e9z munka, \u00e9s ha t\u00falhajszolod magad, az csak m\u00e9g t\u00f6bb fejf\u00e1j\u00e1shoz vezet. <\/font><font style=\"vertical-align: inherit;\">K\u00e9rjen seg\u00edts\u00e9get csal\u00e1dj\u00e1t\u00f3l \u00e9s bar\u00e1tait\u00f3l, \u00e9s gy\u0151z\u0151dj\u00f6n meg arr\u00f3l, hogy mindenki hidrat\u00e1lt \u00e9s j\u00f3l t\u00e1pl\u00e1lt marad a folyamat sor\u00e1n. <\/font><font style=\"vertical-align: inherit;\">Az utols\u00f3 dolog, amire sz\u00fcks\u00e9ge van, az az, hogy valaki el\u00e1jul, mik\u00f6zben felviszi a vadonat\u00faj val\u00f3di b\u0151r kanap\u00e9t a l\u00e9pcs\u0151n.<\/font><\/font><\/p>\n<p><font style=\"vertical-align: inherit;\"><font style=\"vertical-align: inherit;\">\u200d<\/font><\/font><\/p>\n<p><strong><font style=\"vertical-align: inherit;\"><font style=\"vertical-align: inherit;\">\u00daj otthon\u00e1nak megszervez\u00e9se<\/font><\/font><\/strong><\/p>\n<p><font style=\"vertical-align: inherit;\"><font style=\"vertical-align: inherit;\">Majdnem ott vagy! <\/font><font style=\"vertical-align: inherit;\">Az utols\u00f3 l\u00e9p\u00e9s az, hogy mindent kicsomagol a megfelel\u0151 helyre az \u00faj otthon\u00e1ban. <\/font><font style=\"vertical-align: inherit;\">Szerencs\u00e9re, mivel van egy terved, ez csak a v\u00e9grehajt\u00e1s k\u00e9rd\u00e9se. <\/font><font style=\"vertical-align: inherit;\">A folyamat sor\u00e1n sok t\u00f6rmel\u00e9k \u00e9s szem\u00e9t lesz, ez\u00e9rt mindig legyen k\u00e9szenl\u00e9tben n\u00e9h\u00e1ny tiszt\u00edt\u00f3szer.<\/font><\/font><\/p>\n<p><font style=\"vertical-align: inherit;\"><font style=\"vertical-align: inherit;\">Mivel a r\u00e9gi otthon\u00e1t is takar\u00edtania kell, erre nem lesz olyan neh\u00e9z felk\u00e9sz\u00fclni. <\/font><font style=\"vertical-align: inherit;\">Legyen k\u00e9szenl\u00e9tben n\u00e9h\u00e1ny zacsk\u00f3, \u00e9s \u00fcgyeljen arra, hogy porsz\u00edv\u00f3zzon, ha ny\u00edl\u00e1st tal\u00e1l. <\/font><font style=\"vertical-align: inherit;\">Ez a folyamat \u00fajabb lehet\u0151s\u00e9get ad a sz\u00fcks\u00e9gtelen holmik csatol\u00e1s\u00e1ra. <\/font><font style=\"vertical-align: inherit;\">Tekintse meg \u00faj otthona \u00e1llapot\u00e1nak v\u00e9gs\u0151 fel\u00fclvizsg\u00e1latak\u00e9nt.<\/font><\/font><\/p>\n<p><font style=\"vertical-align: inherit;\"><font style=\"vertical-align: inherit;\">Fontolja meg az \u00faj szervez\u00e9si m\u00f3dszereket, p\u00e9ld\u00e1ul a rengeteg pap\u00edrmunka digit\u00e1lis form\u00e1kk\u00e1 alak\u00edt\u00e1s\u00e1t szkennerrel \u00e9s otthoni sz\u00e1m\u00edt\u00f3g\u00e9p\u00e9vel. <\/font><font style=\"vertical-align: inherit;\">Az \u00faj otthona t\u00e1rol\u00e1s\u00e1nak egyszer\u0171bbnek kell lennie, mivel val\u00f3sz\u00edn\u0171leg kevesebb k\u00f6lt\u00f6znival\u00f3ja lesz, mint amivel kezdett.<\/font><\/font><\/p>\n<p><font style=\"vertical-align: inherit;\"><font style=\"vertical-align: inherit;\">Minden szoba c\u00e9lt \u00e9s funkci\u00f3t szolg\u00e1l. <\/font><font style=\"vertical-align: inherit;\">A felesleges holmikat rakt\u00e1rba vagy k\u00fcls\u0151 t\u00e1rol\u00f3ba kell sz\u00e1ll\u00edtani. <\/font><font style=\"vertical-align: inherit;\">Ha megfelel\u0151en kitakar\u00edtotta az eredeti holmij\u00e1t, akkor nem szabad t\u00fal sok akad\u00e1lynak lennie abban, hogy minden szoba \u00fagy n\u00e9zzen ki \u00e9s m\u0171k\u00f6dj\u00f6n, ahogyan szeretn\u00e9.<\/font><\/font><\/p>\n<p><font style=\"vertical-align: inherit;\"><font style=\"vertical-align: inherit;\">\u200d<\/font><\/font><\/p>\n<p><strong><font style=\"vertical-align: inherit;\"><font style=\"vertical-align: inherit;\">Hogy mindezt lez\u00e1rjuk<\/font><\/font><\/strong><\/p>\n<p><font style=\"vertical-align: inherit;\"><font style=\"vertical-align: inherit;\">Rem\u00e9lhet\u0151leg ez megadta neked azokat a strat\u00e9gi\u00e1kat, amelyek sz\u00fcks\u00e9gesek ahhoz, hogy a k\u00f6lt\u00f6z\u00e9st k\u00f6nny\u0171v\u00e9 \u00e9s izgalmass\u00e1 tedd! <\/font><font style=\"vertical-align: inherit;\">Ez ugyan munka lesz, de ha ink\u00e1bb lehet\u0151s\u00e9get, semmint h\u00e1zimunk\u00e1t tesz\u00fcnk bel\u0151le, az enyh\u00edti a stresszt. <\/font><font style=\"vertical-align: inherit;\">A k\u00f6lt\u00f6z\u00e9s okai nagyon sokf\u00e9l\u00e9k lehetnek. <\/font><font style=\"vertical-align: inherit;\">Ett\u0151l f\u00fcggetlen\u00fcl itt a lehet\u0151s\u00e9g otthona \u00fajratervez\u00e9s\u00e9re, rendetlens\u00e9g\u00e9re \u00e9s \u00e1tszervez\u00e9s\u00e9re.<\/font><\/font><\/p>\n<p><font style=\"vertical-align: inherit;\"><font style=\"vertical-align: inherit;\">K\u00e9pzeld el, hogy fest\u0151 vagy, akinek egy \u00fcres v\u00e1szna van. <\/font><font style=\"vertical-align: inherit;\">Haszn\u00e1lja m\u00faltbeli tapasztalatait \u00e9s j\u00f6v\u0151beli t\u00f6rekv\u00e9seit, hogy ezt \u00e1lmai \u00e9letter\u00e9v\u00e9 alak\u00edtsa! <\/font><font style=\"vertical-align: inherit;\">Megfelel\u0151 tervez\u00e9ssel, tiszt\u00edt\u00e1ssal \u00e9s adapt\u00e1ci\u00f3kkal; <\/font><font style=\"vertical-align: inherit;\">A k\u00f6lt\u00f6z\u00e9s lehet a legjobb lehet\u0151s\u00e9g otthona \u00fajratervez\u00e9s\u00e9re.<\/font><\/font><\/p>\n<p><font style=\"vertical-align: inherit;\"><font style=\"vertical-align: inherit;\">Ezt a cikket Lyren Nadeau, az Extra Storage blog- \u00e9s tartalom\u00edr\u00f3ja \u00edrta. <\/font><\/font><a href=\"https:\/\/extrastorage.org\/\" target=\"_blank\" rel=\"noopener\"><font style=\"vertical-align: inherit;\"><font style=\"vertical-align: inherit;\">Az Extra Storage<\/font><\/font><\/a><font style=\"vertical-align: inherit;\"><font style=\"vertical-align: inherit;\"> egy \u00f6n\u00e1ll\u00f3 t\u00e1rol\u00f3hely a Medicine Hatben, amely a h\u00e9t minden napj\u00e1n, a h\u00e9t minden napj\u00e1n 24 \u00f3r\u00e1ban hozz\u00e1f\u00e9rhet a t\u00e1rol\u00f3egys\u00e9gekhez, valamint a k\u00f6lt\u00f6z\u00e9si folyamatot seg\u00edt\u0151 U-haul k\u00f6lcs\u00f6nz\u00e9st biztos\u00edt.<\/font><\/font><\/p>\n<p><font style=\"vertical-align: inherit;\"><font style=\"vertical-align: inherit;\">\u200d<\/font><\/font><\/p>\n<\/p><\/div>\n","protected":false},"excerpt":{"rendered":"<p>Szinte mindenki tapasztalt m\u00e1r \u00e9let\u00e9ben legal\u00e1bb egyszer k\u00f6lt\u00f6z\u00e9st. A legt\u00f6bb esetben retteg\u00fcnk a k\u00f6lt\u00f6z\u00e9s folyamat\u00e1t\u00f3l. Azonban hihetetlen lehet\u0151s\u00e9get tartogat sz\u00e1modra, ha k\u00f6lt\u00f6z\u00e9s el\u0151tt \u00e1llsz. V\u00e9gre \u00e1tszervezheti \u00e9s \u00fajratervezheti otthon\u00e1t egy funkcion\u00e1lisabb, kezelhet\u0151bb \u00e9s szimpatikusabb st\u00edlusban! Ma v\u00e9gigmegy\u00fcnk a k\u00f6lt\u00f6z\u00e9s folyamat\u00e1n, \u00e9s azt, hogyan terelj\u00fck a dolgokat egyidej\u0171leg a helyes ir\u00e1nyba, hogy szervezettebb\u00e9 v\u00e1ljunk. Megmutatjuk, hogyan [&hellip;]<\/p>\n","protected":false},"author":1,"featured_media":2047,"template":"","class_list":["post-5835","blog","type-blog","status-publish","has-post-thumbnail","hentry"],"yoast_head":"<!-- This site is optimized with the Yoast SEO Premium plugin v17.7 (Yoast SEO v17.7) - https:\/\/yoast.com\/wordpress\/plugins\/seo\/ -->\n<title>Hogyan v\u00e1lasszuk a k\u00f6lt\u00f6z\u00e9st hihetetlen szervezeti lehet\u0151s\u00e9gg\u00e9<\/title>\n<meta name=\"description\" content=\"Szinte mindenki tapasztalt m\u00e1r \u00e9let\u00e9ben legal\u00e1bb egyszer k\u00f6lt\u00f6z\u00e9st. A legt\u00f6bb esetben retteg\u00fcnk a k\u00f6lt\u00f6z\u00e9s folyamat\u00e1t\u00f3l. Azonban hihetetlen lehet\u0151s\u00e9get tartogat sz\u00e1modra, ha k\u00f6lt\u00f6z\u00e9s el\u0151tt \u00e1llsz. V\u00e9gre \u00e1tszervezheti \u00e9s \u00fajratervezheti otthon\u00e1t egy funkcion\u00e1lisabb, kezelhet\u0151bb \u00e9s szimpatikusabb st\u00edlusban! Ma, [\u2026]\" \/>\n<meta name=\"robots\" content=\"index, follow, max-snippet:-1, max-image-preview:large, max-video-preview:-1\" \/>\n<link rel=\"canonical\" href=\"https:\/\/gallerynine5.com\/hu\/blog\/hogyan-alakitsunk-at-egy-hihetetlen-szervezeti-lehetosegge-valo-atterest\/\" \/>\n<meta property=\"og:locale\" content=\"hu_HU\" \/>\n<meta property=\"og:type\" content=\"article\" \/>\n<meta property=\"og:title\" content=\"Hogyan v\u00e1lasszuk a k\u00f6lt\u00f6z\u00e9st hihetetlen szervezeti lehet\u0151s\u00e9gg\u00e9\" \/>\n<meta property=\"og:description\" content=\"Szinte mindenki tapasztalt m\u00e1r \u00e9let\u00e9ben legal\u00e1bb egyszer k\u00f6lt\u00f6z\u00e9st. A legt\u00f6bb esetben retteg\u00fcnk a k\u00f6lt\u00f6z\u00e9s folyamat\u00e1t\u00f3l. Azonban hihetetlen lehet\u0151s\u00e9get tartogat sz\u00e1modra, ha k\u00f6lt\u00f6z\u00e9s el\u0151tt \u00e1llsz. V\u00e9gre \u00e1tszervezheti \u00e9s \u00fajratervezheti otthon\u00e1t egy funkcion\u00e1lisabb, kezelhet\u0151bb \u00e9s szimpatikusabb st\u00edlusban! Ma, [\u2026]\" \/>\n<meta property=\"og:url\" content=\"https:\/\/gallerynine5.com\/hu\/blog\/hogyan-alakitsunk-at-egy-hihetetlen-szervezeti-lehetosegge-valo-atterest\/\" \/>\n<meta property=\"og:site_name\" content=\"gallerynine5.com\" \/>\n<meta property=\"og:image\" content=\"https:\/\/gallerynine5.com\/wp-content\/uploads\/2023\/01\/5dba91263115834277075f42_interior-1961070_1920.jpeg\" \/>\n\t<meta property=\"og:image:width\" content=\"1920\" \/>\n\t<meta property=\"og:image:height\" content=\"1280\" \/>\n<meta name=\"twitter:card\" content=\"summary_large_image\" \/>\n<meta name=\"twitter:label1\" content=\"Becs\u00fclt olvas\u00e1si id\u0151\" \/>\n\t<meta name=\"twitter:data1\" content=\"7 perc\" \/>\n<script type=\"application\/ld+json\" class=\"yoast-schema-graph\">{\"@context\":\"https:\/\/schema.org\",\"@graph\":[{\"@type\":\"WebSite\",\"@id\":\"https:\/\/gallerynine5.com\/hu\/#website\",\"url\":\"https:\/\/gallerynine5.com\/hu\/\",\"name\":\"gallerynine5.com\",\"description\":\"\",\"potentialAction\":[{\"@type\":\"SearchAction\",\"target\":{\"@type\":\"EntryPoint\",\"urlTemplate\":\"https:\/\/gallerynine5.com\/hu\/?s={search_term_string}\"},\"query-input\":\"required name=search_term_string\"}],\"inLanguage\":\"hu\"},{\"@type\":\"ImageObject\",\"@id\":\"https:\/\/gallerynine5.com\/hu\/blog\/hogyan-alakitsunk-at-egy-hihetetlen-szervezeti-lehetosegge-valo-atterest\/#primaryimage\",\"inLanguage\":\"hu\",\"url\":\"https:\/\/gallerynine5.com\/wp-content\/uploads\/2023\/01\/5dba91263115834277075f42_interior-1961070_1920.jpeg\",\"contentUrl\":\"https:\/\/gallerynine5.com\/wp-content\/uploads\/2023\/01\/5dba91263115834277075f42_interior-1961070_1920.jpeg\",\"width\":1920,\"height\":1280},{\"@type\":\"WebPage\",\"@id\":\"https:\/\/gallerynine5.com\/hu\/blog\/hogyan-alakitsunk-at-egy-hihetetlen-szervezeti-lehetosegge-valo-atterest\/#webpage\",\"url\":\"https:\/\/gallerynine5.com\/hu\/blog\/hogyan-alakitsunk-at-egy-hihetetlen-szervezeti-lehetosegge-valo-atterest\/\",\"name\":\"Hogyan v\\u00e1lasszuk a k\\u00f6lt\\u00f6z\\u00e9st hihetetlen szervezeti lehet\\u0151s\\u00e9gg\\u00e9\",\"isPartOf\":{\"@id\":\"https:\/\/gallerynine5.com\/hu\/#website\"},\"primaryImageOfPage\":{\"@id\":\"https:\/\/gallerynine5.com\/hu\/blog\/hogyan-alakitsunk-at-egy-hihetetlen-szervezeti-lehetosegge-valo-atterest\/#primaryimage\"},\"datePublished\":\"2023-03-16T07:52:27+00:00\",\"dateModified\":\"2023-03-16T07:52:27+00:00\",\"description\":\"Szinte mindenki tapasztalt m\\u00e1r \\u00e9let\\u00e9ben legal\\u00e1bb egyszer k\\u00f6lt\\u00f6z\\u00e9st. A legt\\u00f6bb esetben retteg\\u00fcnk a k\\u00f6lt\\u00f6z\\u00e9s folyamat\\u00e1t\\u00f3l. Azonban hihetetlen lehet\\u0151s\\u00e9get tartogat sz\\u00e1modra, ha k\\u00f6lt\\u00f6z\\u00e9s el\\u0151tt \\u00e1llsz. V\\u00e9gre \\u00e1tszervezheti \\u00e9s \\u00fajratervezheti otthon\\u00e1t egy funkcion\\u00e1lisabb, kezelhet\\u0151bb \\u00e9s szimpatikusabb st\\u00edlusban! Ma, [\\u2026]\",\"breadcrumb\":{\"@id\":\"https:\/\/gallerynine5.com\/hu\/blog\/hogyan-alakitsunk-at-egy-hihetetlen-szervezeti-lehetosegge-valo-atterest\/#breadcrumb\"},\"inLanguage\":\"hu\",\"potentialAction\":[{\"@type\":\"ReadAction\",\"target\":[\"https:\/\/gallerynine5.com\/hu\/blog\/hogyan-alakitsunk-at-egy-hihetetlen-szervezeti-lehetosegge-valo-atterest\/\"]}]},{\"@type\":\"BreadcrumbList\",\"@id\":\"https:\/\/gallerynine5.com\/hu\/blog\/hogyan-alakitsunk-at-egy-hihetetlen-szervezeti-lehetosegge-valo-atterest\/#breadcrumb\",\"itemListElement\":[{\"@type\":\"ListItem\",\"position\":1,\"name\":\"Home\",\"item\":\"https:\/\/gallerynine5.com\/hu\/\"},{\"@type\":\"ListItem\",\"position\":2,\"name\":\"Blogs\",\"item\":\"https:\/\/gallerynine5.com\/hu\/blog\/\"},{\"@type\":\"ListItem\",\"position\":3,\"name\":\"Hogyan v\\u00e1lasszuk a k\\u00f6lt\\u00f6z\\u00e9st hihetetlen szervezeti lehet\\u0151s\\u00e9gg\\u00e9\"}]}]}<\/script>\n<!-- \/ Yoast SEO Premium plugin. -->","yoast_head_json":{"title":"Hogyan v\u00e1lasszuk a k\u00f6lt\u00f6z\u00e9st hihetetlen szervezeti lehet\u0151s\u00e9gg\u00e9","description":"Szinte mindenki tapasztalt m\u00e1r \u00e9let\u00e9ben legal\u00e1bb egyszer k\u00f6lt\u00f6z\u00e9st. A legt\u00f6bb esetben retteg\u00fcnk a k\u00f6lt\u00f6z\u00e9s folyamat\u00e1t\u00f3l. Azonban hihetetlen lehet\u0151s\u00e9get tartogat sz\u00e1modra, ha k\u00f6lt\u00f6z\u00e9s el\u0151tt \u00e1llsz. V\u00e9gre \u00e1tszervezheti \u00e9s \u00fajratervezheti otthon\u00e1t egy funkcion\u00e1lisabb, kezelhet\u0151bb \u00e9s szimpatikusabb st\u00edlusban! Ma, [\u2026]","robots":{"index":"index","follow":"follow","max-snippet":"max-snippet:-1","max-image-preview":"max-image-preview:large","max-video-preview":"max-video-preview:-1"},"canonical":"https:\/\/gallerynine5.com\/hu\/blog\/hogyan-alakitsunk-at-egy-hihetetlen-szervezeti-lehetosegge-valo-atterest\/","og_locale":"hu_HU","og_type":"article","og_title":"Hogyan v\u00e1lasszuk a k\u00f6lt\u00f6z\u00e9st hihetetlen szervezeti lehet\u0151s\u00e9gg\u00e9","og_description":"Szinte mindenki tapasztalt m\u00e1r \u00e9let\u00e9ben legal\u00e1bb egyszer k\u00f6lt\u00f6z\u00e9st. A legt\u00f6bb esetben retteg\u00fcnk a k\u00f6lt\u00f6z\u00e9s folyamat\u00e1t\u00f3l. Azonban hihetetlen lehet\u0151s\u00e9get tartogat sz\u00e1modra, ha k\u00f6lt\u00f6z\u00e9s el\u0151tt \u00e1llsz. V\u00e9gre \u00e1tszervezheti \u00e9s \u00fajratervezheti otthon\u00e1t egy funkcion\u00e1lisabb, kezelhet\u0151bb \u00e9s szimpatikusabb st\u00edlusban! Ma, [\u2026]","og_url":"https:\/\/gallerynine5.com\/hu\/blog\/hogyan-alakitsunk-at-egy-hihetetlen-szervezeti-lehetosegge-valo-atterest\/","og_site_name":"gallerynine5.com","og_image":[{"width":1920,"height":1280,"url":"https:\/\/gallerynine5.com\/wp-content\/uploads\/2023\/01\/5dba91263115834277075f42_interior-1961070_1920.jpeg","type":"image\/jpeg"}],"twitter_card":"summary_large_image","twitter_misc":{"Becs\u00fclt olvas\u00e1si id\u0151":"7 perc"},"schema":{"@context":"https:\/\/schema.org","@graph":[{"@type":"WebSite","@id":"https:\/\/gallerynine5.com\/hu\/#website","url":"https:\/\/gallerynine5.com\/hu\/","name":"gallerynine5.com","description":"","potentialAction":[{"@type":"SearchAction","target":{"@type":"EntryPoint","urlTemplate":"https:\/\/gallerynine5.com\/hu\/?s={search_term_string}"},"query-input":"required name=search_term_string"}],"inLanguage":"hu"},{"@type":"ImageObject","@id":"https:\/\/gallerynine5.com\/hu\/blog\/hogyan-alakitsunk-at-egy-hihetetlen-szervezeti-lehetosegge-valo-atterest\/#primaryimage","inLanguage":"hu","url":"https:\/\/gallerynine5.com\/wp-content\/uploads\/2023\/01\/5dba91263115834277075f42_interior-1961070_1920.jpeg","contentUrl":"https:\/\/gallerynine5.com\/wp-content\/uploads\/2023\/01\/5dba91263115834277075f42_interior-1961070_1920.jpeg","width":1920,"height":1280},{"@type":"WebPage","@id":"https:\/\/gallerynine5.com\/hu\/blog\/hogyan-alakitsunk-at-egy-hihetetlen-szervezeti-lehetosegge-valo-atterest\/#webpage","url":"https:\/\/gallerynine5.com\/hu\/blog\/hogyan-alakitsunk-at-egy-hihetetlen-szervezeti-lehetosegge-valo-atterest\/","name":"Hogyan v\u00e1lasszuk a k\u00f6lt\u00f6z\u00e9st hihetetlen szervezeti lehet\u0151s\u00e9gg\u00e9","isPartOf":{"@id":"https:\/\/gallerynine5.com\/hu\/#website"},"primaryImageOfPage":{"@id":"https:\/\/gallerynine5.com\/hu\/blog\/hogyan-alakitsunk-at-egy-hihetetlen-szervezeti-lehetosegge-valo-atterest\/#primaryimage"},"datePublished":"2023-03-16T07:52:27+00:00","dateModified":"2023-03-16T07:52:27+00:00","description":"Szinte mindenki tapasztalt m\u00e1r \u00e9let\u00e9ben legal\u00e1bb egyszer k\u00f6lt\u00f6z\u00e9st. A legt\u00f6bb esetben retteg\u00fcnk a k\u00f6lt\u00f6z\u00e9s folyamat\u00e1t\u00f3l. Azonban hihetetlen lehet\u0151s\u00e9get tartogat sz\u00e1modra, ha k\u00f6lt\u00f6z\u00e9s el\u0151tt \u00e1llsz. V\u00e9gre \u00e1tszervezheti \u00e9s \u00fajratervezheti otthon\u00e1t egy funkcion\u00e1lisabb, kezelhet\u0151bb \u00e9s szimpatikusabb st\u00edlusban! Ma, [\u2026]","breadcrumb":{"@id":"https:\/\/gallerynine5.com\/hu\/blog\/hogyan-alakitsunk-at-egy-hihetetlen-szervezeti-lehetosegge-valo-atterest\/#breadcrumb"},"inLanguage":"hu","potentialAction":[{"@type":"ReadAction","target":["https:\/\/gallerynine5.com\/hu\/blog\/hogyan-alakitsunk-at-egy-hihetetlen-szervezeti-lehetosegge-valo-atterest\/"]}]},{"@type":"BreadcrumbList","@id":"https:\/\/gallerynine5.com\/hu\/blog\/hogyan-alakitsunk-at-egy-hihetetlen-szervezeti-lehetosegge-valo-atterest\/#breadcrumb","itemListElement":[{"@type":"ListItem","position":1,"name":"Home","item":"https:\/\/gallerynine5.com\/hu\/"},{"@type":"ListItem","position":2,"name":"Blogs","item":"https:\/\/gallerynine5.com\/hu\/blog\/"},{"@type":"ListItem","position":3,"name":"Hogyan v\u00e1lasszuk a k\u00f6lt\u00f6z\u00e9st hihetetlen szervezeti lehet\u0151s\u00e9gg\u00e9"}]}]}},"_links":{"self":[{"href":"https:\/\/gallerynine5.com\/hu\/wp-json\/wp\/v2\/post-type\/blog\/5835","targetHints":{"allow":["GET"]}}],"collection":[{"href":"https:\/\/gallerynine5.com\/hu\/wp-json\/wp\/v2\/post-type\/blog"}],"about":[{"href":"https:\/\/gallerynine5.com\/hu\/wp-json\/wp\/v2\/types\/blog"}],"author":[{"embeddable":true,"href":"https:\/\/gallerynine5.com\/hu\/wp-json\/wp\/v2\/users\/1"}],"wp:featuredmedia":[{"embeddable":true,"href":"https:\/\/gallerynine5.com\/hu\/wp-json\/wp\/v2\/media\/2047"}],"wp:attachment":[{"href":"https:\/\/gallerynine5.com\/hu\/wp-json\/wp\/v2\/media?parent=5835"}],"curies":[{"name":"wp","href":"https:\/\/api.w.org\/{rel}","templated":true}]}}