{"id":5836,"date":"2023-03-16T07:52:28","date_gmt":"2023-03-16T07:52:28","guid":{"rendered":"http:\/\/gallerynine5.com\/blog\/hogyan-lehet-a-vilagitast-hasznalni-a-szalloda-belso-terek-szepsegenek-es-funkcionalitasanak-kiemelesere\/"},"modified":"2023-03-16T07:52:28","modified_gmt":"2023-03-16T07:52:28","slug":"hogyan-lehet-a-vilagitast-hasznalni-a-szalloda-belso-terek-szepsegenek-es-funkcionalitasanak-kiemelesere","status":"publish","type":"blog","link":"https:\/\/gallerynine5.com\/hu\/blog\/hogyan-lehet-a-vilagitast-hasznalni-a-szalloda-belso-terek-szepsegenek-es-funkcionalitasanak-kiemelesere\/","title":{"rendered":"Hogyan haszn\u00e1ljuk a vil\u00e1g\u00edt\u00e1st a sz\u00e1llodabels\u0151 sz\u00e9ps\u00e9g\u00e9nek \u00e9s funkcionalit\u00e1s\u00e1nak hangs\u00falyoz\u00e1s\u00e1ra"},"content":{"rendered":"<div class=\"blog-post w-richtext\">\n<p><font style=\"vertical-align: inherit;\"><font style=\"vertical-align: inherit;\">Amikor a sz\u00e1llodai szob\u00e1k megvil\u00e1g\u00edt\u00e1s\u00e1r\u00f3l van sz\u00f3, a vend\u00e9gek \u00e1ltal\u00e1ban nem t\u00e1masztanak t\u00falzottan ig\u00e9nyes vil\u00e1g\u00edt\u00e1st. <\/font><font style=\"vertical-align: inherit;\">Egyszer\u0171en fogalmazva, azt akarj\u00e1k, hogy a l\u00e1mp\u00e1k megfelel\u0151en m\u0171k\u00f6djenek, hogy megnyomhassanak egy kapcsol\u00f3t, \u00e9s l\u00e1ss\u00e1k, a l\u00e1mpa ki- vagy bekapcsol.<\/font><\/font><\/p>\n<p><font style=\"vertical-align: inherit;\"><font style=\"vertical-align: inherit;\">Sajnos egyes sz\u00e1llod\u00e1k m\u00e9g ezt a jelet is elmulaszthatj\u00e1k. <\/font><font style=\"vertical-align: inherit;\">A gyenge vagy elhanyagolt vil\u00e1g\u00edt\u00e1s szennyezett, hideg \u00e9s megf\u00e9leml\u00edt\u0151 l\u00e9gk\u00f6rt teremthet. <\/font><font style=\"vertical-align: inherit;\">Ahhoz, hogy vend\u00e9gei sz\u00e1m\u00e1ra megfelel\u0151 l\u00e9gk\u00f6rt teremtsen, a megfelel\u0151 vil\u00e1g\u00edt\u00e1s kiv\u00e1laszt\u00e1s\u00e1t az egyik legfontosabb feladatnak kell tekintenie. &nbsp;<\/font><\/font><\/p>\n<p><font style=\"vertical-align: inherit;\"><font style=\"vertical-align: inherit;\">A modern vil\u00e1g\u00edt\u00e1s fejl\u0151d\u00e9se lehet\u0151v\u00e9 teszi, hogy egy kapcsol\u00f3 megnyom\u00e1s\u00e1val szinte teljesen megv\u00e1ltoztassuk a helyis\u00e9g hangulat\u00e1t. <\/font><font style=\"vertical-align: inherit;\">Ezt figyelembe v\u00e9ve itt egy k\u00f6zelebbi pillant\u00e1st vethet arra, hogyan jav\u00edthatja sz\u00e1llodai bels\u0151 tereit vil\u00e1g\u00edt\u00e1ssal.<\/font><\/font><\/p>\n<p><font style=\"vertical-align: inherit;\"><font style=\"vertical-align: inherit;\">\u200d<\/font><\/font><\/p>\n<h5><font style=\"vertical-align: inherit;\"><font style=\"vertical-align: inherit;\">Fontolja meg a szoba sz\u00edn\u00e9nek megv\u00e1ltoztat\u00e1s\u00e1t<\/font><\/font><\/h5>\n<p><font style=\"vertical-align: inherit;\"><font style=\"vertical-align: inherit;\">A mai vil\u00e1g\u00edt\u00e1si lehet\u0151s\u00e9gek, k\u00fcl\u00f6n\u00f6sen <\/font><\/font><a href=\"https:\/\/edisontechcenter.org\/LED.html\" target=\"_blank\" rel=\"noopener\"><font style=\"vertical-align: inherit;\"><font style=\"vertical-align: inherit;\">a LED-es vil\u00e1g\u00edt\u00e1s fejl\u0151d\u00e9se<\/font><\/font><\/a><font style=\"vertical-align: inherit;\"><font style=\"vertical-align: inherit;\"> miatt , lehet\u0151v\u00e9 teszik, hogy k\u00fcl\u00f6nf\u00e9le vil\u00e1g\u00edt\u00e1si \u00e1rnyalatokkal b\u0151v\u00edtse a teret. <\/font><font style=\"vertical-align: inherit;\">A sz\u00e1lloda tervez\u0151csapat\u00e1nak fontol\u00f3ra kell vennie a vil\u00e1gos sz\u00ednek haszn\u00e1lat\u00e1t, hogy a vend\u00e9gek k\u00e9nyelmesen \u00e9s nyugodtan \u00e9rezz\u00e9k magukat szob\u00e1jukban.<\/font><\/font><\/p>\n<p><font style=\"vertical-align: inherit;\"><font style=\"vertical-align: inherit;\">V\u00e1laszthat p\u00e9ld\u00e1ul egy \u00e9l\u00e9nk feh\u00e9r sz\u00edn k\u00f6z\u00fcl az eleg\u00e1ns, ultramodern megjelen\u00e9s\u00e9rt, vagy egy hideg t\u00f3nus\u00fa k\u00e9ket a nyugodt \u00e9s pihentet\u0151 \u00e9rz\u00e9s \u00e9rdek\u00e9ben.<\/font><\/font><\/p>\n<h5><font style=\"vertical-align: inherit;\"><font style=\"vertical-align: inherit;\">Emelje ki a f\u00f3kuszpontokat<\/font><\/font><\/h5>\n<p><font style=\"vertical-align: inherit;\"><font style=\"vertical-align: inherit;\">Ha sz\u00e1llodabels\u0151nek van egy f\u0151 f\u00f3kuszpontja, p\u00e9ld\u00e1ul egy divatos m\u0171alkot\u00e1s vagy egy k\u00fcl\u00f6n\u00f6sen impoz\u00e1ns sz\u00f6k\u0151k\u00fat, a vil\u00e1g\u00edt\u00e1s kiemelheti ezt, \u00e9s felh\u00edvhatja r\u00e1 a vend\u00e9gek figyelm\u00e9t. <\/font><font style=\"vertical-align: inherit;\">Az adott ter\u00fcleten ir\u00e1ny\u00edtott vil\u00e1g\u00edt\u00e1ssal azonnal kiemelheti a t\u00e9r sz\u00e9ps\u00e9g\u00e9t. &nbsp;<\/font><\/font><\/p>\n<h5><font style=\"vertical-align: inherit;\"><font style=\"vertical-align: inherit;\">Tegye tiszt\u00e1bb\u00e1 sz\u00e1llodai szob\u00e1it<\/font><\/font><\/h5>\n<p><font style=\"vertical-align: inherit;\"><font style=\"vertical-align: inherit;\">M\u00e9g egy makul\u00e1tlan helyis\u00e9gben is a rossz vil\u00e1g\u00edt\u00e1s zavaros \u00e9rzetet kelthet a szennyez\u0151d\u00e9sek \u00e9s szennyez\u0151d\u00e9sek miatt, ami elfedi a szoba val\u00f3di f\u00e9nyess\u00e9g\u00e9t. <\/font><font style=\"vertical-align: inherit;\">Egy \u00e9les, tiszta vil\u00e1g\u00edt\u00e1s t\u00edzszer vonz\u00f3bb\u00e1 teheti a szob\u00e1t, amikor valaki el\u0151sz\u00f6r l\u00e9p be az ajt\u00f3n.<\/font><\/font><\/p>\n<h5><font style=\"vertical-align: inherit;\"><font style=\"vertical-align: inherit;\">Lehet\u0151s\u00e9get teremteni a \u201ez\u00f6ld \u00e9letm\u00f3d\u201d elsaj\u00e1t\u00edt\u00e1s\u00e1ra<\/font><\/font><\/h5>\n<p><font style=\"vertical-align: inherit;\"><font style=\"vertical-align: inherit;\">J\u00f3llehet nem a sz\u00e1lloda bels\u0151 tereinek hangulat\u00e1ra jellemz\u0151, a sz\u00e1lloda vil\u00e1g\u00edt\u00e1s\u00e1nak korszer\u0171s\u00edt\u00e9se lehet\u0151v\u00e9 teszi, hogy \u201e <\/font><\/font><a href=\"https:\/\/www.huffingtonpost.com\/2014\/10\/31\/economics-of-environment-going-green_n_5942358.html\" target=\"_blank\" rel=\"noopener\"><font style=\"vertical-align: inherit;\"><font style=\"vertical-align: inherit;\">z\u00f6ld\u00fclj\u00f6n<\/font><\/font><\/a><font style=\"vertical-align: inherit;\"><font style=\"vertical-align: inherit;\"> \u201d \u2013 ez hatalmas vonzer\u0151t jelent sok k\u00f6rnyezettudatos vend\u00e9g sz\u00e1m\u00e1ra. &nbsp;<\/font><\/font><\/p>\n<p><font style=\"vertical-align: inherit;\"><font style=\"vertical-align: inherit;\">Az olyan k\u00f6rnyezetbar\u00e1t funkci\u00f3k, mint a tomp\u00edt\u00e1s vagy a LED-es vil\u00e1g\u00edt\u00e1s, sok utaz\u00f3t vonzanak, akik felel\u0151ss\u00e9gteljesen szeretn\u00e9k k\u00f6lteni a p\u00e9nz\u00fcket. <\/font><font style=\"vertical-align: inherit;\">A k\u00f6rnyezetbar\u00e1t vil\u00e1g\u00edt\u00e1s seg\u00edthet fenntartani a pozit\u00edv l\u00e9gk\u00f6rt az eg\u00e9sz sz\u00e1llod\u00e1ban, mik\u00f6zben cs\u00f6kkenti az energiafelhaszn\u00e1l\u00e1st \u00e9s a j\u00f6v\u0151beni k\u00f6lts\u00e9geket.<\/font><\/font><\/p>\n<h5><font style=\"vertical-align: inherit;\"><font style=\"vertical-align: inherit;\">Fektessen be a megfelel\u0151 vil\u00e1g\u00edt\u00e1sba<\/font><\/font><\/h5>\n<p><font style=\"vertical-align: inherit;\"><font style=\"vertical-align: inherit;\">A vil\u00e1g\u00edt\u00e1st nem \u00e9rdemes \u201ek\u00f6nnyeden\u201d venni a sz\u00e1lloda tervez\u00e9s\u00e9n\u00e9l. <\/font><font style=\"vertical-align: inherit;\">Megbonthatja vagy megbonthatja a t\u00e9r eszt\u00e9tikai vonzerej\u00e9t, ami viszont megv\u00e1ltoztatja a vend\u00e9gek \u00e9lm\u00e9nyeit.<\/font><\/font><\/p>\n<p><font style=\"vertical-align: inherit;\"><font style=\"vertical-align: inherit;\">A vend\u00e9gl\u00e1t\u00f3 szektor a legszigor\u00fabb formai \u00e9s funkcion\u00e1lis szabv\u00e1nyokat r\u00e9szes\u00edti el\u0151nyben bels\u0151 vil\u00e1g\u00edt\u00e1sa ter\u00e9n, \u00edgy \u00d6nnek olyan c\u00e9gt\u0151l kell beszereznie a vil\u00e1g\u00edt\u00f3testeket, akik k\u00e9szek mindezt \u00e9s m\u00e9g sok m\u00e1st is sz\u00e1ll\u00edtani.<\/font><\/font><\/p>\n<p><font style=\"vertical-align: inherit;\"><font style=\"vertical-align: inherit;\">Forduljon egy olyan besz\u00e1ll\u00edt\u00f3hoz, mint <\/font><\/font><a href=\"https:\/\/www.artcraftlighting.com\/en\/styles\/hospitality\/\" target=\"_blank\" rel=\"noopener\"><font style=\"vertical-align: inherit;\"><font style=\"vertical-align: inherit;\">az Artcraft Lighting<\/font><\/font><\/a><font style=\"vertical-align: inherit;\"><font style=\"vertical-align: inherit;\"> , akinek vil\u00e1g\u00edt\u00e1si tervei egyszerre gy\u00f6ny\u00f6rk\u00f6dtetnek \u00e9s leny\u0171g\u00f6zik a tekintetet. <\/font><font style=\"vertical-align: inherit;\">Min\u0151s\u00e9gi tervez\u00e9st, funkci\u00f3t \u00e9s \u00e9rt\u00e9ket biztos\u00edtva hamarosan t\u00f6k\u00e9letes vil\u00e1g\u00edt\u00e1si elrendez\u00e9st kaphat sz\u00e1llod\u00e1ja sz\u00e1m\u00e1ra.<\/font><\/font><\/p>\n<p><font style=\"vertical-align: inherit;\"><font style=\"vertical-align: inherit;\">\u200d<\/font><\/font><\/p>\n<\/p><\/div>\n","protected":false},"excerpt":{"rendered":"<p>Amikor a sz\u00e1llodai szob\u00e1k megvil\u00e1g\u00edt\u00e1s\u00e1r\u00f3l van sz\u00f3, a vend\u00e9gek \u00e1ltal\u00e1ban nem t\u00e1masztanak t\u00falzottan ig\u00e9nyes vil\u00e1g\u00edt\u00e1st. Egyszer\u0171en fogalmazva, azt akarj\u00e1k, hogy a l\u00e1mp\u00e1k megfelel\u0151en m\u0171k\u00f6djenek, hogy megnyomhassanak egy kapcsol\u00f3t, \u00e9s l\u00e1ss\u00e1k, a l\u00e1mpa ki- vagy bekapcsol. Sajnos egyes sz\u00e1llod\u00e1k m\u00e9g ezt a jelet is elmulaszthatj\u00e1k. A gyenge vagy elhanyagolt vil\u00e1g\u00edt\u00e1s szennyezett, hideg \u00e9s megf\u00e9leml\u00edt\u0151 l\u00e9gk\u00f6rt teremthet. [&hellip;]<\/p>\n","protected":false},"author":1,"featured_media":1789,"template":"","class_list":["post-5836","blog","type-blog","status-publish","has-post-thumbnail","hentry"],"yoast_head":"<!-- This site is optimized with the Yoast SEO Premium plugin v17.7 (Yoast SEO v17.7) - https:\/\/yoast.com\/wordpress\/plugins\/seo\/ -->\n<title>Hogyan haszn\u00e1ljuk a vil\u00e1g\u00edt\u00e1st a sz\u00e1llodabels\u0151 sz\u00e9ps\u00e9g\u00e9nek \u00e9s funkcionalit\u00e1s\u00e1nak hangs\u00falyoz\u00e1s\u00e1ra<\/title>\n<meta name=\"description\" content=\"Ha a sz\u00e1llodai szob\u00e1k megvil\u00e1g\u00edt\u00e1s\u00e1r\u00f3l van sz\u00f3, a vend\u00e9gek \u00e1ltal\u00e1ban nem t\u00e1masztanak t\u00falzottan ig\u00e9nyes vil\u00e1g\u00edt\u00e1st. Egyszer\u0171en fogalmazva, azt akarj\u00e1k, hogy a l\u00e1mp\u00e1k megfelel\u0151en m\u0171k\u00f6djenek, hogy megnyomhassanak egy kapcsol\u00f3t, \u00e9s l\u00e1ss\u00e1k, a l\u00e1mpa ki- vagy bekapcsol. Sajnos egyes sz\u00e1llod\u00e1k m\u00e9g ezt a jelet is elmulaszthatj\u00e1k. A gyenge vagy elhanyagolt vil\u00e1g\u00edt\u00e1s el\u0151seg\u00edtheti a [\u2026]\" \/>\n<meta name=\"robots\" content=\"index, follow, max-snippet:-1, max-image-preview:large, max-video-preview:-1\" \/>\n<link rel=\"canonical\" href=\"https:\/\/gallerynine5.com\/hu\/blog\/hogyan-lehet-a-vilagitast-hasznalni-a-szalloda-belso-terek-szepsegenek-es-funkcionalitasanak-kiemelesere\/\" \/>\n<meta property=\"og:locale\" content=\"hu_HU\" \/>\n<meta property=\"og:type\" content=\"article\" \/>\n<meta property=\"og:title\" content=\"Hogyan haszn\u00e1ljuk a vil\u00e1g\u00edt\u00e1st a sz\u00e1llodabels\u0151 sz\u00e9ps\u00e9g\u00e9nek \u00e9s funkcionalit\u00e1s\u00e1nak hangs\u00falyoz\u00e1s\u00e1ra\" \/>\n<meta property=\"og:description\" content=\"Ha a sz\u00e1llodai szob\u00e1k megvil\u00e1g\u00edt\u00e1s\u00e1r\u00f3l van sz\u00f3, a vend\u00e9gek \u00e1ltal\u00e1ban nem t\u00e1masztanak t\u00falzottan ig\u00e9nyes vil\u00e1g\u00edt\u00e1st. Egyszer\u0171en fogalmazva, azt akarj\u00e1k, hogy a l\u00e1mp\u00e1k megfelel\u0151en m\u0171k\u00f6djenek, hogy megnyomhassanak egy kapcsol\u00f3t, \u00e9s l\u00e1ss\u00e1k, a l\u00e1mpa ki- vagy bekapcsol. Sajnos egyes sz\u00e1llod\u00e1k m\u00e9g ezt a jelet is elmulaszthatj\u00e1k. A gyenge vagy elhanyagolt vil\u00e1g\u00edt\u00e1s el\u0151seg\u00edtheti a [\u2026]\" \/>\n<meta property=\"og:url\" content=\"https:\/\/gallerynine5.com\/hu\/blog\/hogyan-lehet-a-vilagitast-hasznalni-a-szalloda-belso-terek-szepsegenek-es-funkcionalitasanak-kiemelesere\/\" \/>\n<meta property=\"og:site_name\" content=\"gallerynine5.com\" \/>\n<meta property=\"og:image\" content=\"https:\/\/gallerynine5.com\/wp-content\/uploads\/2023\/01\/6022e984bb549a375d61a35f_lights-1088141_1920.jpeg\" \/>\n\t<meta property=\"og:image:width\" content=\"1920\" \/>\n\t<meta property=\"og:image:height\" content=\"1279\" \/>\n<meta name=\"twitter:card\" content=\"summary_large_image\" \/>\n<meta name=\"twitter:label1\" content=\"Becs\u00fclt olvas\u00e1si id\u0151\" \/>\n\t<meta name=\"twitter:data1\" content=\"4 perc\" \/>\n<script type=\"application\/ld+json\" class=\"yoast-schema-graph\">{\"@context\":\"https:\/\/schema.org\",\"@graph\":[{\"@type\":\"WebSite\",\"@id\":\"https:\/\/gallerynine5.com\/hu\/#website\",\"url\":\"https:\/\/gallerynine5.com\/hu\/\",\"name\":\"gallerynine5.com\",\"description\":\"\",\"potentialAction\":[{\"@type\":\"SearchAction\",\"target\":{\"@type\":\"EntryPoint\",\"urlTemplate\":\"https:\/\/gallerynine5.com\/hu\/?s={search_term_string}\"},\"query-input\":\"required name=search_term_string\"}],\"inLanguage\":\"hu\"},{\"@type\":\"ImageObject\",\"@id\":\"https:\/\/gallerynine5.com\/hu\/blog\/hogyan-lehet-a-vilagitast-hasznalni-a-szalloda-belso-terek-szepsegenek-es-funkcionalitasanak-kiemelesere\/#primaryimage\",\"inLanguage\":\"hu\",\"url\":\"https:\/\/gallerynine5.com\/wp-content\/uploads\/2023\/01\/6022e984bb549a375d61a35f_lights-1088141_1920.jpeg\",\"contentUrl\":\"https:\/\/gallerynine5.com\/wp-content\/uploads\/2023\/01\/6022e984bb549a375d61a35f_lights-1088141_1920.jpeg\",\"width\":1920,\"height\":1279},{\"@type\":\"WebPage\",\"@id\":\"https:\/\/gallerynine5.com\/hu\/blog\/hogyan-lehet-a-vilagitast-hasznalni-a-szalloda-belso-terek-szepsegenek-es-funkcionalitasanak-kiemelesere\/#webpage\",\"url\":\"https:\/\/gallerynine5.com\/hu\/blog\/hogyan-lehet-a-vilagitast-hasznalni-a-szalloda-belso-terek-szepsegenek-es-funkcionalitasanak-kiemelesere\/\",\"name\":\"Hogyan haszn\\u00e1ljuk a vil\\u00e1g\\u00edt\\u00e1st a sz\\u00e1llodabels\\u0151 sz\\u00e9ps\\u00e9g\\u00e9nek \\u00e9s funkcionalit\\u00e1s\\u00e1nak hangs\\u00falyoz\\u00e1s\\u00e1ra\",\"isPartOf\":{\"@id\":\"https:\/\/gallerynine5.com\/hu\/#website\"},\"primaryImageOfPage\":{\"@id\":\"https:\/\/gallerynine5.com\/hu\/blog\/hogyan-lehet-a-vilagitast-hasznalni-a-szalloda-belso-terek-szepsegenek-es-funkcionalitasanak-kiemelesere\/#primaryimage\"},\"datePublished\":\"2023-03-16T07:52:28+00:00\",\"dateModified\":\"2023-03-16T07:52:28+00:00\",\"description\":\"Ha a sz\\u00e1llodai szob\\u00e1k megvil\\u00e1g\\u00edt\\u00e1s\\u00e1r\\u00f3l van sz\\u00f3, a vend\\u00e9gek \\u00e1ltal\\u00e1ban nem t\\u00e1masztanak t\\u00falzottan ig\\u00e9nyes vil\\u00e1g\\u00edt\\u00e1st. Egyszer\\u0171en fogalmazva, azt akarj\\u00e1k, hogy a l\\u00e1mp\\u00e1k megfelel\\u0151en m\\u0171k\\u00f6djenek, hogy megnyomhassanak egy kapcsol\\u00f3t, \\u00e9s l\\u00e1ss\\u00e1k, a l\\u00e1mpa ki- vagy bekapcsol. Sajnos egyes sz\\u00e1llod\\u00e1k m\\u00e9g ezt a jelet is elmulaszthatj\\u00e1k. A gyenge vagy elhanyagolt vil\\u00e1g\\u00edt\\u00e1s el\\u0151seg\\u00edtheti a [\\u2026]\",\"breadcrumb\":{\"@id\":\"https:\/\/gallerynine5.com\/hu\/blog\/hogyan-lehet-a-vilagitast-hasznalni-a-szalloda-belso-terek-szepsegenek-es-funkcionalitasanak-kiemelesere\/#breadcrumb\"},\"inLanguage\":\"hu\",\"potentialAction\":[{\"@type\":\"ReadAction\",\"target\":[\"https:\/\/gallerynine5.com\/hu\/blog\/hogyan-lehet-a-vilagitast-hasznalni-a-szalloda-belso-terek-szepsegenek-es-funkcionalitasanak-kiemelesere\/\"]}]},{\"@type\":\"BreadcrumbList\",\"@id\":\"https:\/\/gallerynine5.com\/hu\/blog\/hogyan-lehet-a-vilagitast-hasznalni-a-szalloda-belso-terek-szepsegenek-es-funkcionalitasanak-kiemelesere\/#breadcrumb\",\"itemListElement\":[{\"@type\":\"ListItem\",\"position\":1,\"name\":\"Home\",\"item\":\"https:\/\/gallerynine5.com\/hu\/\"},{\"@type\":\"ListItem\",\"position\":2,\"name\":\"Blogs\",\"item\":\"https:\/\/gallerynine5.com\/hu\/blog\/\"},{\"@type\":\"ListItem\",\"position\":3,\"name\":\"Hogyan haszn\\u00e1ljuk a vil\\u00e1g\\u00edt\\u00e1st a sz\\u00e1llodabels\\u0151 sz\\u00e9ps\\u00e9g\\u00e9nek \\u00e9s funkcionalit\\u00e1s\\u00e1nak hangs\\u00falyoz\\u00e1s\\u00e1ra\"}]}]}<\/script>\n<!-- \/ Yoast SEO Premium plugin. -->","yoast_head_json":{"title":"Hogyan haszn\u00e1ljuk a vil\u00e1g\u00edt\u00e1st a sz\u00e1llodabels\u0151 sz\u00e9ps\u00e9g\u00e9nek \u00e9s funkcionalit\u00e1s\u00e1nak hangs\u00falyoz\u00e1s\u00e1ra","description":"Ha a sz\u00e1llodai szob\u00e1k megvil\u00e1g\u00edt\u00e1s\u00e1r\u00f3l van sz\u00f3, a vend\u00e9gek \u00e1ltal\u00e1ban nem t\u00e1masztanak t\u00falzottan ig\u00e9nyes vil\u00e1g\u00edt\u00e1st. Egyszer\u0171en fogalmazva, azt akarj\u00e1k, hogy a l\u00e1mp\u00e1k megfelel\u0151en m\u0171k\u00f6djenek, hogy megnyomhassanak egy kapcsol\u00f3t, \u00e9s l\u00e1ss\u00e1k, a l\u00e1mpa ki- vagy bekapcsol. Sajnos egyes sz\u00e1llod\u00e1k m\u00e9g ezt a jelet is elmulaszthatj\u00e1k. A gyenge vagy elhanyagolt vil\u00e1g\u00edt\u00e1s el\u0151seg\u00edtheti a [\u2026]","robots":{"index":"index","follow":"follow","max-snippet":"max-snippet:-1","max-image-preview":"max-image-preview:large","max-video-preview":"max-video-preview:-1"},"canonical":"https:\/\/gallerynine5.com\/hu\/blog\/hogyan-lehet-a-vilagitast-hasznalni-a-szalloda-belso-terek-szepsegenek-es-funkcionalitasanak-kiemelesere\/","og_locale":"hu_HU","og_type":"article","og_title":"Hogyan haszn\u00e1ljuk a vil\u00e1g\u00edt\u00e1st a sz\u00e1llodabels\u0151 sz\u00e9ps\u00e9g\u00e9nek \u00e9s funkcionalit\u00e1s\u00e1nak hangs\u00falyoz\u00e1s\u00e1ra","og_description":"Ha a sz\u00e1llodai szob\u00e1k megvil\u00e1g\u00edt\u00e1s\u00e1r\u00f3l van sz\u00f3, a vend\u00e9gek \u00e1ltal\u00e1ban nem t\u00e1masztanak t\u00falzottan ig\u00e9nyes vil\u00e1g\u00edt\u00e1st. Egyszer\u0171en fogalmazva, azt akarj\u00e1k, hogy a l\u00e1mp\u00e1k megfelel\u0151en m\u0171k\u00f6djenek, hogy megnyomhassanak egy kapcsol\u00f3t, \u00e9s l\u00e1ss\u00e1k, a l\u00e1mpa ki- vagy bekapcsol. Sajnos egyes sz\u00e1llod\u00e1k m\u00e9g ezt a jelet is elmulaszthatj\u00e1k. A gyenge vagy elhanyagolt vil\u00e1g\u00edt\u00e1s el\u0151seg\u00edtheti a [\u2026]","og_url":"https:\/\/gallerynine5.com\/hu\/blog\/hogyan-lehet-a-vilagitast-hasznalni-a-szalloda-belso-terek-szepsegenek-es-funkcionalitasanak-kiemelesere\/","og_site_name":"gallerynine5.com","og_image":[{"width":1920,"height":1279,"url":"https:\/\/gallerynine5.com\/wp-content\/uploads\/2023\/01\/6022e984bb549a375d61a35f_lights-1088141_1920.jpeg","type":"image\/jpeg"}],"twitter_card":"summary_large_image","twitter_misc":{"Becs\u00fclt olvas\u00e1si id\u0151":"4 perc"},"schema":{"@context":"https:\/\/schema.org","@graph":[{"@type":"WebSite","@id":"https:\/\/gallerynine5.com\/hu\/#website","url":"https:\/\/gallerynine5.com\/hu\/","name":"gallerynine5.com","description":"","potentialAction":[{"@type":"SearchAction","target":{"@type":"EntryPoint","urlTemplate":"https:\/\/gallerynine5.com\/hu\/?s={search_term_string}"},"query-input":"required name=search_term_string"}],"inLanguage":"hu"},{"@type":"ImageObject","@id":"https:\/\/gallerynine5.com\/hu\/blog\/hogyan-lehet-a-vilagitast-hasznalni-a-szalloda-belso-terek-szepsegenek-es-funkcionalitasanak-kiemelesere\/#primaryimage","inLanguage":"hu","url":"https:\/\/gallerynine5.com\/wp-content\/uploads\/2023\/01\/6022e984bb549a375d61a35f_lights-1088141_1920.jpeg","contentUrl":"https:\/\/gallerynine5.com\/wp-content\/uploads\/2023\/01\/6022e984bb549a375d61a35f_lights-1088141_1920.jpeg","width":1920,"height":1279},{"@type":"WebPage","@id":"https:\/\/gallerynine5.com\/hu\/blog\/hogyan-lehet-a-vilagitast-hasznalni-a-szalloda-belso-terek-szepsegenek-es-funkcionalitasanak-kiemelesere\/#webpage","url":"https:\/\/gallerynine5.com\/hu\/blog\/hogyan-lehet-a-vilagitast-hasznalni-a-szalloda-belso-terek-szepsegenek-es-funkcionalitasanak-kiemelesere\/","name":"Hogyan haszn\u00e1ljuk a vil\u00e1g\u00edt\u00e1st a sz\u00e1llodabels\u0151 sz\u00e9ps\u00e9g\u00e9nek \u00e9s funkcionalit\u00e1s\u00e1nak hangs\u00falyoz\u00e1s\u00e1ra","isPartOf":{"@id":"https:\/\/gallerynine5.com\/hu\/#website"},"primaryImageOfPage":{"@id":"https:\/\/gallerynine5.com\/hu\/blog\/hogyan-lehet-a-vilagitast-hasznalni-a-szalloda-belso-terek-szepsegenek-es-funkcionalitasanak-kiemelesere\/#primaryimage"},"datePublished":"2023-03-16T07:52:28+00:00","dateModified":"2023-03-16T07:52:28+00:00","description":"Ha a sz\u00e1llodai szob\u00e1k megvil\u00e1g\u00edt\u00e1s\u00e1r\u00f3l van sz\u00f3, a vend\u00e9gek \u00e1ltal\u00e1ban nem t\u00e1masztanak t\u00falzottan ig\u00e9nyes vil\u00e1g\u00edt\u00e1st. Egyszer\u0171en fogalmazva, azt akarj\u00e1k, hogy a l\u00e1mp\u00e1k megfelel\u0151en m\u0171k\u00f6djenek, hogy megnyomhassanak egy kapcsol\u00f3t, \u00e9s l\u00e1ss\u00e1k, a l\u00e1mpa ki- vagy bekapcsol. Sajnos egyes sz\u00e1llod\u00e1k m\u00e9g ezt a jelet is elmulaszthatj\u00e1k. A gyenge vagy elhanyagolt vil\u00e1g\u00edt\u00e1s el\u0151seg\u00edtheti a [\u2026]","breadcrumb":{"@id":"https:\/\/gallerynine5.com\/hu\/blog\/hogyan-lehet-a-vilagitast-hasznalni-a-szalloda-belso-terek-szepsegenek-es-funkcionalitasanak-kiemelesere\/#breadcrumb"},"inLanguage":"hu","potentialAction":[{"@type":"ReadAction","target":["https:\/\/gallerynine5.com\/hu\/blog\/hogyan-lehet-a-vilagitast-hasznalni-a-szalloda-belso-terek-szepsegenek-es-funkcionalitasanak-kiemelesere\/"]}]},{"@type":"BreadcrumbList","@id":"https:\/\/gallerynine5.com\/hu\/blog\/hogyan-lehet-a-vilagitast-hasznalni-a-szalloda-belso-terek-szepsegenek-es-funkcionalitasanak-kiemelesere\/#breadcrumb","itemListElement":[{"@type":"ListItem","position":1,"name":"Home","item":"https:\/\/gallerynine5.com\/hu\/"},{"@type":"ListItem","position":2,"name":"Blogs","item":"https:\/\/gallerynine5.com\/hu\/blog\/"},{"@type":"ListItem","position":3,"name":"Hogyan haszn\u00e1ljuk a vil\u00e1g\u00edt\u00e1st a sz\u00e1llodabels\u0151 sz\u00e9ps\u00e9g\u00e9nek \u00e9s funkcionalit\u00e1s\u00e1nak hangs\u00falyoz\u00e1s\u00e1ra"}]}]}},"_links":{"self":[{"href":"https:\/\/gallerynine5.com\/hu\/wp-json\/wp\/v2\/post-type\/blog\/5836","targetHints":{"allow":["GET"]}}],"collection":[{"href":"https:\/\/gallerynine5.com\/hu\/wp-json\/wp\/v2\/post-type\/blog"}],"about":[{"href":"https:\/\/gallerynine5.com\/hu\/wp-json\/wp\/v2\/types\/blog"}],"author":[{"embeddable":true,"href":"https:\/\/gallerynine5.com\/hu\/wp-json\/wp\/v2\/users\/1"}],"wp:featuredmedia":[{"embeddable":true,"href":"https:\/\/gallerynine5.com\/hu\/wp-json\/wp\/v2\/media\/1789"}],"wp:attachment":[{"href":"https:\/\/gallerynine5.com\/hu\/wp-json\/wp\/v2\/media?parent=5836"}],"curies":[{"name":"wp","href":"https:\/\/api.w.org\/{rel}","templated":true}]}}