{"id":5843,"date":"2023-03-16T07:52:29","date_gmt":"2023-03-16T07:52:29","guid":{"rendered":"http:\/\/gallerynine5.com\/blog\/a-megfelelo-valasztas-az-ettermi-fulkek-szamara-az-etkezo-szamara\/"},"modified":"2023-03-16T07:52:29","modified_gmt":"2023-03-16T07:52:29","slug":"a-megfelelo-valasztas-az-ettermi-fulkek-szamara-az-etkezo-szamara","status":"publish","type":"blog","link":"https:\/\/gallerynine5.com\/hu\/blog\/a-megfelelo-valasztas-az-ettermi-fulkek-szamara-az-etkezo-szamara\/","title":{"rendered":"Az \u00e9tkez\u0151helyis\u00e9g megfelel\u0151 kiv\u00e1laszt\u00e1sa az \u00e9tkez\u0151helyis\u00e9ghez"},"content":{"rendered":"<div class=\"blog-post w-richtext\">\n<p><font style=\"vertical-align: inherit;\"><font style=\"vertical-align: inherit;\">M\u00edg a konyh\u00e1ban a legt\u00f6bb berendez\u00e9s szinte alapfelszerelts\u00e9g\u0171, az \u00e9ttermi \u00fcl\u0151helyek minden bizonnyal olyan ter\u00fclet, ahol val\u00f3ban gyakorolhatja kreativit\u00e1s\u00e1t, \u00e9s kialak\u00edthatja saj\u00e1t \u00e9tkez\u0151j\u00e9nek identit\u00e1s\u00e1t. <\/font><font style=\"vertical-align: inherit;\">A rendelkez\u00e9sre \u00e1ll\u00f3 kombin\u00e1ci\u00f3k gyakorlatilag v\u00e9gtelen sz\u00e1m\u00fa felhaszn\u00e1l\u00e1s\u00e1val a f\u00fclk\u00e9k egyedi megjelen\u00e9se seg\u00edthet \u00e9letre kelteni m\u00e1rk\u00e1j\u00e1t. <\/font><font style=\"vertical-align: inherit;\">Sz\u00e1mos kulcsfontoss\u00e1g\u00fa jellemz\u0151t kell figyelembe venni, valamint a modellek k\u00f6z\u00f6tti k\u00fcl\u00f6nbs\u00e9geket, amelyek felv\u00e9rtezik \u00d6nt azzal a tud\u00e1ssal, amellyel meg kell v\u00e1lasztani a megfelel\u0151 <\/font><\/font><a href=\"https:\/\/www.restaurant-furniture.com\/resources\/guides\/how-to-choose-restaurant-booths\" target=\"_blank\" rel=\"noopener\"><font style=\"vertical-align: inherit;\"><font style=\"vertical-align: inherit;\">\u00e9ttermi f\u00fclke m\u00e9retet<\/font><\/font><\/a><font style=\"vertical-align: inherit;\"><font style=\"vertical-align: inherit;\"> az \u00e9tkez\u0151 sz\u00e1m\u00e1ra.<\/font><\/font><\/p>\n<p><font style=\"vertical-align: inherit;\"><font style=\"vertical-align: inherit;\">\u200d<\/font><\/font><\/p>\n<h5><font style=\"vertical-align: inherit;\"><font style=\"vertical-align: inherit;\">Mi\u00e9rt v\u00e1lasszon \u00e9ttermi standokat \u00e9tterm\u00e9be?<\/font><\/font><\/h5>\n<p><font style=\"vertical-align: inherit;\"><font style=\"vertical-align: inherit;\">A f\u00fclk\u00e9k n\u00e9gyzetm\u00e9terenk\u00e9nt t\u00f6bb \u00fcl\u0151helyet k\u00edn\u00e1lnak, mint a sz\u00e9kek, \u00e9s sok \u00fcgyf\u00e9l r\u00e9szes\u00edti el\u0151nyben a f\u00fclk\u00e9k mag\u00e1n\u00e9let\u00e9t \u00e9s luxus\u00e1t. <\/font><font style=\"vertical-align: inherit;\">Helyhez k\u00f6t\u00f6tt term\u00e9szet\u00fck gondoskodik r\u00f3luk, biztos\u00edtva, hogy a forgalom \u00e1raml\u00e1s\u00e1t ne zavarj\u00e1k a folyos\u00f3kon elhelyezett sz\u00e9kek. <\/font><font style=\"vertical-align: inherit;\">Sz\u00e1mos st\u00edlust k\u00edn\u00e1lnak, amelyek lehet\u0151v\u00e9 teszik, hogy a legt\u00f6bbet hozza ki a ter\u00e9b\u0151l. <\/font><font style=\"vertical-align: inherit;\">A f\u00fclk\u00e9k sz\u00e1mos okb\u00f3l fantasztikus lehet\u0151s\u00e9get jelentenek b\u00e1rmely b\u00e1rban vagy \u00e9tteremben:<\/font><\/font><\/p>\n<p><font style=\"vertical-align: inherit;\"><font style=\"vertical-align: inherit;\">\u25cf Cs\u00f6kkentse a forgalmat, \u00e9s sz\u00fcntesse meg az ig\u00e9nyt, hogy a szerverek minden asztal k\u00f6r\u00fcl j\u00e1rjanak;<\/font><\/font><\/p>\n<p><font style=\"vertical-align: inherit;\"><font style=\"vertical-align: inherit;\">\u25cf Sokkal k\u00e9nyelmesebb \u00e9s eszt\u00e9tikusabb a hagyom\u00e1nyos asztali \u00fcl\u0151helyekn\u00e9l;<\/font><\/font><\/p>\n<p><font style=\"vertical-align: inherit;\"><font style=\"vertical-align: inherit;\">\u25cf T\u00f6bb adatv\u00e9delmet k\u00edn\u00e1ljon \u00fcgyfeleinek;<\/font><\/font><\/p>\n<p><font style=\"vertical-align: inherit;\"><font style=\"vertical-align: inherit;\">\u25cf Sokf\u00e9le sz\u00ednben, st\u00edlusban \u00e9s st\u00edlusban kaphat\u00f3k<\/font><\/font><\/p>\n<p><font style=\"vertical-align: inherit;\"><font style=\"vertical-align: inherit;\">Att\u00f3l f\u00fcgg\u0151en, hogy t\u00e1gabb koncepci\u00f3ra v\u00e1gysz, vagy intimebb terek kialak\u00edt\u00e1s\u00e1ra, v\u00e1laszthatsz 36, 42 \u00e9s 48 h\u00fcvelykes magass\u00e1gokat, hogy szem\u00e9lyre szabhasd az asztaln\u00e1l \u00e9tkez\u0151k sz\u00e1m\u00e1t a megfelel\u0151 hangulat el\u00e9r\u00e9se \u00e9rdek\u00e9ben.<\/font><\/font><\/p>\n<h5><font style=\"vertical-align: inherit;\"><font style=\"vertical-align: inherit;\">A f\u00fclke elemei<\/font><\/font><\/h5>\n<p><font style=\"vertical-align: inherit;\"><font style=\"vertical-align: inherit;\">A f\u00fclk\u00e9k v\u00e1s\u00e1rl\u00e1sa el\u0151tt az \u00e9tteremtulajdonosoknak meg kell ismerkedni\u00fck az \u00e9tteremf\u00fclk\u00e9k kialak\u00edt\u00e1s\u00e1val. <\/font><font style=\"vertical-align: inherit;\">A k\u00fcl\u00f6nb\u00f6z\u0151 r\u00e9szek meg\u00e9rt\u00e9se seg\u00edt a tulajdonosoknak abban, hogy az \u00e9ttermi \u00fcl\u0151alkalmatoss\u00e1ghoz igazod\u00f3 t\u00f6k\u00e9letes lehet\u0151s\u00e9get v\u00e1lasszanak.<\/font><\/font><\/p>\n<p><font style=\"vertical-align: inherit;\"><font style=\"vertical-align: inherit;\">\u25cf Fels\u0151 sapka: a f\u00fclke tetej\u00e9n tal\u00e1lhat\u00f3 cs\u00edk;<\/font><\/font><\/p>\n<p><font style=\"vertical-align: inherit;\"><font style=\"vertical-align: inherit;\">\u25cf Fejtekercs: habp\u00e1rna hozz\u00e1adva a fejhez a k\u00e9nyelmes \u00fcl\u00e9s \u00e9rdek\u00e9ben;<\/font><\/font><\/p>\n<p><font style=\"vertical-align: inherit;\"><font style=\"vertical-align: inherit;\">\u25cf V\u00e9gsapka: a f\u00fclke oldal\u00e1n tal\u00e1lhat\u00f3;<\/font><\/font><\/p>\n<p><font style=\"vertical-align: inherit;\"><font style=\"vertical-align: inherit;\">\u25cf H\u00e1tt\u00e1mla: hozz\u00e1adott habp\u00e1rna a h\u00e1tt\u00e1ml\u00e1shoz, hogy a vend\u00e9gek k\u00e9nyelmesen \u00e9rezz\u00e9k magukat;<\/font><\/font><\/p>\n<p><font style=\"vertical-align: inherit;\"><font style=\"vertical-align: inherit;\">\u25cf Morzsacs\u00edk: a h\u00e1tt\u00e1mla \u00e9s a p\u00e1rna k\u00f6z\u00f6tt az egyszer\u0171 tiszt\u00edt\u00e1s \u00e9rdek\u00e9ben;<\/font><\/font><\/p>\n<p><font style=\"vertical-align: inherit;\"><font style=\"vertical-align: inherit;\">\u25cf P\u00e1rna: a f\u00fclke \u00fcl\u0151fel\u00fclete;<\/font><\/font><\/p>\n<p><font style=\"vertical-align: inherit;\"><font style=\"vertical-align: inherit;\">\u25cf L\u00e1bazat: K\u00f6zvetlen\u00fcl a p\u00e1rna alatt tal\u00e1lhat\u00f3, ugyanazt az anyagot haszn\u00e1lva;<\/font><\/font><\/p>\n<p><font style=\"vertical-align: inherit;\"><font style=\"vertical-align: inherit;\">\u25cf Welt zsin\u00f3r: Tov\u00e1bbi cs\u00f6vek a szil\u00e1rds\u00e1g \u00e9s a kialak\u00edt\u00e1s \u00e9rdek\u00e9ben;<\/font><\/font><\/p>\n<p><font style=\"vertical-align: inherit;\"><font style=\"vertical-align: inherit;\">\u25cf L\u00e1bujjr\u00fag\u00e1s: a f\u00fclke t\u00f6v\u00e9n\u00e9l a l\u00e1b k\u00f6rny\u00e9k\u00e9n, a kop\u00e1s elker\u00fcl\u00e9se \u00e9rdek\u00e9ben;<\/font><\/font><\/p>\n<p><font style=\"vertical-align: inherit;\"><font style=\"vertical-align: inherit;\">\u25cf Alap: Az \u00e9ttermi stand \u00e9p\u00edt\u0151k\u00f6vei;<\/font><\/font><\/p>\n<h5><font style=\"vertical-align: inherit;\"><font style=\"vertical-align: inherit;\">Az \u00e9ttermi f\u00fclk\u00e9k form\u00e1inak sokf\u00e9les\u00e9ge<\/font><\/font><\/h5>\n<p><font style=\"vertical-align: inherit;\"><font style=\"vertical-align: inherit;\">A v\u00e1laszthat\u00f3 \u00e9tkez\u0151f\u00fclk\u00e9k sokas\u00e1g\u00e1val biztosan megtal\u00e1lja a t\u00f6k\u00e9letes \u00e9ttermi f\u00fclk\u00e9t b\u00e1rj\u00e1hoz vagy \u00e9tterm\u00e9hez. <\/font><font style=\"vertical-align: inherit;\">Fedezze fel a sz\u00ednek, mint\u00e1k \u00e9s st\u00edlusok t\u00f6k\u00e9letes kever\u00e9k\u00e9t, hogy illeszkedjen \u00e9tterm\u00e9nek vagy b\u00e1rj\u00e1nak bels\u0151 sz\u00ednv\u00e1laszt\u00e9k\u00e1hoz \u00e9s diz\u00e1jnj\u00e1hoz.<\/font><\/font><\/p>\n<p><font style=\"vertical-align: inherit;\"><font style=\"vertical-align: inherit;\">V\u00e1lasszon a k\u00f6vetkez\u0151 f\u00fclk\u00e9k k\u00f6z\u00fcl:<\/font><\/font><\/p>\n<p><font style=\"vertical-align: inherit;\"><font style=\"vertical-align: inherit;\">\u25cf Egyetlen;<\/font><\/font><\/p>\n<p><font style=\"vertical-align: inherit;\"><font style=\"vertical-align: inherit;\">\u25cf Dupla;<\/font><\/font><\/p>\n<p><font style=\"vertical-align: inherit;\"><font style=\"vertical-align: inherit;\">\u25cf Fali pad;<\/font><\/font><\/p>\n<p><font style=\"vertical-align: inherit;\"><font style=\"vertical-align: inherit;\">\u25cf 1\/2 k\u00f6r;<\/font><\/font><\/p>\n<p><font style=\"vertical-align: inherit;\"><font style=\"vertical-align: inherit;\">\u25cf 3\/4 k\u00f6r.<\/font><\/font><\/p>\n<p><font style=\"vertical-align: inherit;\"><font style=\"vertical-align: inherit;\">V\u00e1s\u00e1rolhat olyan f\u00fclk\u00e9ket is, amelyek t\u00f6bbf\u00e9le hossz\u00fas\u00e1g\u00fa, sz\u00e9less\u00e9g\u0171 \u00e9s magass\u00e1g\u00fa t\u00edpust k\u00edn\u00e1lnak. <\/font><font style=\"vertical-align: inherit;\">Ezenk\u00edv\u00fcl sz\u00e1mos k\u00fcl\u00f6nb\u00f6z\u0151 f\u00fclkeh\u00e1ts\u00f3 konfigur\u00e1ci\u00f3 k\u00f6z\u00fcl v\u00e1laszthat, p\u00e9ld\u00e1ul:<\/font><\/font><\/p>\n<p><font style=\"vertical-align: inherit;\"><font style=\"vertical-align: inherit;\">\u25cf Welt zsin\u00f3r;<\/font><\/font><\/p>\n<p><font style=\"vertical-align: inherit;\"><font style=\"vertical-align: inherit;\">\u25cf Fejteker\u00e9s;<\/font><\/font><\/p>\n<p><font style=\"vertical-align: inherit;\"><font style=\"vertical-align: inherit;\">\u25cf Fels\u0151 sapka;<\/font><\/font><\/p>\n<p><font style=\"vertical-align: inherit;\"><font style=\"vertical-align: inherit;\">\u25cf V\u00e9gsapka;<\/font><\/font><\/p>\n<p><font style=\"vertical-align: inherit;\"><font style=\"vertical-align: inherit;\">\u25cf K\u00edv\u00fcl.<\/font><\/font><\/p>\n<p><font style=\"vertical-align: inherit;\"><font style=\"vertical-align: inherit;\">P\u00e9ld\u00e1ul v\u00e1laszthat egy-, k\u00e9t-, fali-, 1\/2-es \u00e9s 3\/4-es k\u00f6r\u00f6s t\u00edpusok k\u00f6z\u00fcl, t\u00f6bbf\u00e9le hossz\u00fas\u00e1gban, sz\u00e9less\u00e9gben \u00e9s magass\u00e1gban. <\/font><font style=\"vertical-align: inherit;\">Kis k\u00e1v\u00e9z\u00f3kkal \u00e9s \u00e9tkez\u0151kkel kapcsolatban pr\u00f3b\u00e1ljon meg egyetlen f\u00fclk\u00e9t a falhoz helyezni, hogy optimaliz\u00e1lja a s\u00e9t\u00e1l\u00f3helyet. <\/font><font style=\"vertical-align: inherit;\">Ak\u00e1r dupla f\u00fclk\u00e9ket is be\u00e9p\u00edthet, amelyek h\u00e1ttal egym\u00e1s mellett fekv\u0151 padokkal rendelkeznek a szem\u00e9lyes forgalmas, gyors temp\u00f3j\u00fa k\u00f6rnyezetekhez.<\/font><\/font><\/p>\n<p><font style=\"vertical-align: inherit;\"><font style=\"vertical-align: inherit;\">A f\u00e9l- \u00e9s h\u00e1romnegyed k\u00f6r\u00f6s f\u00fclk\u00e9k t\u00f6k\u00e9letesek, ha nagy kerek asztalokhoz kapcsolj\u00e1k, \u00edgy a nagyobb t\u00e1rsas\u00e1gok nagyobb mag\u00e1n\u00e9lethez jutnak. <\/font><font style=\"vertical-align: inherit;\">Ezenk\u00edv\u00fcl \u00e9rdemes lehet egy fali padot kis asztalokkal p\u00e1ros\u00edtani, ami megk\u00f6nny\u00edti a p\u00e1rok k\u00f6z\u00f6tti besz\u00e9lget\u00e9st, de gyorsan egy nagyobb asztalt k\u00e9sz\u00edthet nagy csoportok sz\u00e1m\u00e1ra. <\/font><font style=\"vertical-align: inherit;\">B\u00e1rmilyen alkalmaz\u00e1sr\u00f3l is legyen sz\u00f3, sokf\u00e9le f\u00fclke l\u00e9tezik, amelyek minden ig\u00e9nyt kiel\u00e9g\u00edtenek!<\/font><\/font><\/p>\n<p><font style=\"vertical-align: inherit;\"><font style=\"vertical-align: inherit;\">\u00c9rdemes lehet egy fali padot is p\u00e1ros\u00edtani kis asztalokkal, ami k\u00e9nyelmes besz\u00e9lget\u00e9st tesz lehet\u0151v\u00e9 a p\u00e1rok k\u00f6z\u00f6tt, de gyorsan alak\u00edthat\u00f3 egy nagyobb asztal nagy csoportok sz\u00e1m\u00e1ra.<\/font><\/font><\/p>\n<h5><font style=\"vertical-align: inherit;\"><font style=\"vertical-align: inherit;\">\u00c9tterem Booth st\u00edlusok<\/font><\/font><\/h5>\n<p><font style=\"vertical-align: inherit;\"><font style=\"vertical-align: inherit;\">Miut\u00e1n eld\u00f6nt\u00f6tte, milyen f\u00fclk\u00e9re van sz\u00fcks\u00e9ge, elkezdheti megvizsg\u00e1lni a sz\u00e1mos st\u00edlust, amellyel feldobhatja \u00e9ttermi dekor\u00e1ci\u00f3j\u00e1t. <\/font><font style=\"vertical-align: inherit;\">A sok st\u00edlus k\u00f6z\u00f6tt megtal\u00e1lhat\u00f3 az Alex, a beadboard, a gombos bojtos f\u00fclk\u00e9k, a csatorna, a ventil\u00e1tor, a sima \u00e9s a V h\u00e1ts\u00f3 f\u00fclke. <\/font><font style=\"vertical-align: inherit;\">Mindegyik st\u00edlus a legjobban illeszkedik a k\u00fcl\u00f6nf\u00e9le elrendez\u00e9sekhez. <\/font><font style=\"vertical-align: inherit;\">P\u00e9ld\u00e1ul pr\u00f3b\u00e1lja meg a V h\u00e1ts\u00f3 f\u00fclk\u00e9t haszn\u00e1lni, hogy illeszkedjen a retro t\u00e9m\u00e1j\u00e1hoz. <\/font><font style=\"vertical-align: inherit;\">Haszn\u00e1lhatja a gombos bojtos f\u00fclk\u00e9t is, ha eleg\u00e1nsabb \u00e9ttermekben kereshet.<\/font><\/font><\/p>\n<h5><font style=\"vertical-align: inherit;\"><font style=\"vertical-align: inherit;\">\u00c9tterem Booth anyagok<\/font><\/font><\/h5>\n<p><font style=\"vertical-align: inherit;\"><font style=\"vertical-align: inherit;\">Az \u00e9ttermi f\u00fclk\u00e9k t\u00f6bbnyire lamin\u00e1lt anyagb\u00f3l, k\u00e1rpitb\u00f3l \u00e9s f\u00e1b\u00f3l k\u00e9sz\u00fclnek. <\/font><font style=\"vertical-align: inherit;\">Az ilyen t\u00edpus\u00fa anyagok az adott \u00e9tterem t\u00e9m\u00e1j\u00e1nak megfelel\u0151en jav\u00edtj\u00e1k a dekor\u00e1ci\u00f3t. <\/font><font style=\"vertical-align: inherit;\">A lamin\u00e1lt f\u00fclk\u00e9k k\u00f6nnyen tiszt\u00edthat\u00f3 k\u00e1rpittal rendelkeznek, mint a fa keret. <\/font><font style=\"vertical-align: inherit;\">Ezek a f\u00fclk\u00e9k nagyszer\u0171en p\u00e1ros\u00edthat\u00f3k semleges sz\u00edn\u0171 lamin\u00e1tummal, hogy illeszkedjenek a megl\u00e9v\u0151 dekor\u00e1ci\u00f3hoz. <\/font><font style=\"vertical-align: inherit;\">A puha k\u00e1rpitos f\u00fclk\u00e9k egyidej\u0171leg fav\u00e1zon k\u00e9sz\u00fclnek a k\u00e9nyelmes \u00e9tkez\u00e9si \u00e9lm\u00e9ny \u00e9rdek\u00e9ben. <\/font><font style=\"vertical-align: inherit;\">A klasszikus fa f\u00fclk\u00e9k k\u00f6nnyen tiszt\u00edthat\u00f3 t\u00f6m\u00f6r faanyagot k\u00edn\u00e1lnak a rusztikus, m\u00e9gis modern megjelen\u00e9s \u00e9rdek\u00e9ben.<\/font><\/font><\/p>\n<h5><font style=\"vertical-align: inherit;\"><font style=\"vertical-align: inherit;\">Egyszer\u0171 m\u00f3dszer a f\u00fclke \u00fcl\u0151hely-elrendez\u00e9s\u00e9nek l\u00e9trehoz\u00e1s\u00e1ra<\/font><\/font><\/h5>\n<p><font style=\"vertical-align: inherit;\"><font style=\"vertical-align: inherit;\">Legyen sz\u00f3 kis k\u00e1v\u00e9z\u00f3r\u00f3l vagy nagy franchise-r\u00f3l, a rendk\u00edv\u00fcl hat\u00e9kony standelrendez\u00e9s seg\u00edt fenntartani \u00e9tterm\u00e9nek diz\u00e1jnj\u00e1t. <\/font><font style=\"vertical-align: inherit;\">Azt akarja, hogy az \u00fcgyfelek k\u00e9nyelmesen \u00e9rezz\u00e9k magukat, mik\u00f6zben elegend\u0151 helyet hagynak szerverei sz\u00e1m\u00e1ra, hogy szabadon mozoghassanak ebben a felgyorsult k\u00f6rnyezetben. <\/font><font style=\"vertical-align: inherit;\">C\u00e9lszer\u0171 az \u00e9tkez\u0151asztalok m\u00e9reteit is figyelembe venni a sz\u00e1m\u00edt\u00e1sokban.<\/font><\/font><\/p>\n<p><font style=\"vertical-align: inherit;\"><font style=\"vertical-align: inherit;\">Egy tipikus elrendez\u00e9s lehet\u0151v\u00e9 teszi, hogy az asztal sz\u00e9le f\u00fcgg\u0151legesen illeszkedjen a f\u00fclke \u00fcl\u00e9s\u00e9nek k\u00fcls\u0151 perem\u00e9hez, ami megfelel\u0151 16-18 h\u00fcvelykes \u00fcl\u00e9sm\u00e9lys\u00e9get eredm\u00e9nyez. <\/font><font style=\"vertical-align: inherit;\">A 30 h\u00fcvelykes sz\u00e9les asztalokhoz t\u00e1rs\u00edtott f\u00fclk\u00e9khez minden egyes fels\u0151 sapka k\u00f6zep\u00e9t\u0151l 72 h\u00fcvelyk, m\u00edg a 24 h\u00fcvelykes sz\u00e9les asztalokhoz csak 66 h\u00fcvelyk sz\u00fcks\u00e9ges.<\/font><\/font><\/p>\n<p><font style=\"vertical-align: inherit;\"><font style=\"vertical-align: inherit;\">Az \u00e9ttermi f\u00fclk\u00e9k kiv\u00e1laszt\u00e1sa \u00e9s rendszerez\u00e9se az \u00e9tkez\u0151be fontos szempont ahhoz, hogy a vend\u00e9gek el\u00e9gedettek, k\u00e9nyelmesek legyenek, \u00e9s ism\u00e9telten visszatal\u00e1ljanak. <\/font><font style=\"vertical-align: inherit;\">Ak\u00e1r k\u00e1rpitozott, gombos bojtos f\u00fclk\u00e9t v\u00e1laszt az \u00e9tkez\u0151be, ak\u00e1r fa modellt az el\u0151kel\u0151 bisztr\u00f3ba, ezek az anyagok egyben eszt\u00e9tikus kieg\u00e9sz\u00edt\u0151i is minden t\u00e9rnek. <\/font><font style=\"vertical-align: inherit;\">V\u00e9gs\u0151 soron a f\u00fclk\u00e9k helytakar\u00e9kosak, olcs\u00f3k, \u00e9s minden vend\u00e9gl\u00e1t\u00f3ipari v\u00e1llalkoz\u00e1s t\u00f6k\u00e9letes kieg\u00e9sz\u00edt\u0151i.<\/font><\/font><\/p>\n<p><font style=\"vertical-align: inherit;\"><font style=\"vertical-align: inherit;\">B\u00e1rmely \u00e9ttermi f\u00fclke asztala sokf\u00e9lek\u00e9ppen elhelyezhet\u0151 az \u00d6n hely\u00e9n, legyen sz\u00f3 k\u00e1v\u00e9z\u00f3r\u00f3l, \u00e9tkez\u0151r\u0151l, b\u00e1rr\u00f3l vagy \u00e9tteremr\u0151l. <\/font><font style=\"vertical-align: inherit;\">V\u00e9gs\u0151 soron az \u00e9ttermi \u00fcl\u0151helyek f\u00fclk\u00e9inek meg\u00e9rt\u00e9se val\u00f3sz\u00edn\u0171leg a leghat\u00e9konyabb m\u00f3dja a kiszolg\u00e1lhat\u00f3 vend\u00e9gek sz\u00ednvonal\u00e1nak n\u00f6vel\u00e9s\u00e9nek, ami n\u00f6velheti v\u00e1llalkoz\u00e1sa nyeres\u00e9g\u00e9t.<\/font><\/font><\/p>\n<p><font style=\"vertical-align: inherit;\"><font style=\"vertical-align: inherit;\">\u200d<\/font><\/font><\/p>\n<\/p><\/div>\n","protected":false},"excerpt":{"rendered":"<p>M\u00edg a konyh\u00e1ban a legt\u00f6bb berendez\u00e9s szinte alapfelszerelts\u00e9g\u0171, az \u00e9ttermi \u00fcl\u0151helyek minden bizonnyal olyan ter\u00fclet, ahol val\u00f3ban gyakorolhatja kreativit\u00e1s\u00e1t, \u00e9s kialak\u00edthatja saj\u00e1t \u00e9tkez\u0151j\u00e9nek identit\u00e1s\u00e1t. A rendelkez\u00e9sre \u00e1ll\u00f3 kombin\u00e1ci\u00f3k gyakorlatilag v\u00e9gtelen sz\u00e1m\u00fa felhaszn\u00e1l\u00e1s\u00e1val a f\u00fclk\u00e9k egyedi megjelen\u00e9se seg\u00edthet \u00e9letre kelteni m\u00e1rk\u00e1j\u00e1t. Sz\u00e1mos kulcsfontoss\u00e1g\u00fa jellemz\u0151t kell figyelembe venni, valamint a modellek k\u00f6z\u00f6tti k\u00fcl\u00f6nbs\u00e9geket, amelyek felv\u00e9rtezik \u00d6nt azzal [&hellip;]<\/p>\n","protected":false},"author":1,"featured_media":1783,"template":"","class_list":["post-5843","blog","type-blog","status-publish","has-post-thumbnail","hentry"],"yoast_head":"<!-- This site is optimized with the Yoast SEO Premium plugin v17.7 (Yoast SEO v17.7) - https:\/\/yoast.com\/wordpress\/plugins\/seo\/ -->\n<title>Az \u00e9tkez\u0151helyis\u00e9g megfelel\u0151 kiv\u00e1laszt\u00e1sa az \u00e9tkez\u0151helyis\u00e9ghez<\/title>\n<meta name=\"description\" content=\"M\u00edg a konyh\u00e1ban a legt\u00f6bb berendez\u00e9s szinte alapfelszerelts\u00e9g\u0171, az \u00e9ttermi \u00fcl\u0151helyek minden bizonnyal olyan ter\u00fclet, ahol val\u00f3ban gyakorolhatja kreativit\u00e1s\u00e1t, \u00e9s kialak\u00edthatja saj\u00e1t \u00e9tkez\u0151j\u00e9nek identit\u00e1s\u00e1t. A rendelkez\u00e9sre \u00e1ll\u00f3 kombin\u00e1ci\u00f3k gyakorlatilag v\u00e9gtelen sz\u00e1m\u00fa felhaszn\u00e1l\u00e1s\u00e1val a f\u00fclk\u00e9k egyedi megjelen\u00e9se seg\u00edthet \u00e9letre kelteni m\u00e1rk\u00e1j\u00e1t. [\u2026]\" \/>\n<meta name=\"robots\" content=\"index, follow, max-snippet:-1, max-image-preview:large, max-video-preview:-1\" \/>\n<link rel=\"canonical\" href=\"https:\/\/gallerynine5.com\/hu\/blog\/a-megfelelo-valasztas-az-ettermi-fulkek-szamara-az-etkezo-szamara\/\" \/>\n<meta property=\"og:locale\" content=\"hu_HU\" \/>\n<meta property=\"og:type\" content=\"article\" \/>\n<meta property=\"og:title\" content=\"Az \u00e9tkez\u0151helyis\u00e9g megfelel\u0151 kiv\u00e1laszt\u00e1sa az \u00e9tkez\u0151helyis\u00e9ghez\" \/>\n<meta property=\"og:description\" content=\"M\u00edg a konyh\u00e1ban a legt\u00f6bb berendez\u00e9s szinte alapfelszerelts\u00e9g\u0171, az \u00e9ttermi \u00fcl\u0151helyek minden bizonnyal olyan ter\u00fclet, ahol val\u00f3ban gyakorolhatja kreativit\u00e1s\u00e1t, \u00e9s kialak\u00edthatja saj\u00e1t \u00e9tkez\u0151j\u00e9nek identit\u00e1s\u00e1t. A rendelkez\u00e9sre \u00e1ll\u00f3 kombin\u00e1ci\u00f3k gyakorlatilag v\u00e9gtelen sz\u00e1m\u00fa felhaszn\u00e1l\u00e1s\u00e1val a f\u00fclk\u00e9k egyedi megjelen\u00e9se seg\u00edthet \u00e9letre kelteni m\u00e1rk\u00e1j\u00e1t. [\u2026]\" \/>\n<meta property=\"og:url\" content=\"https:\/\/gallerynine5.com\/hu\/blog\/a-megfelelo-valasztas-az-ettermi-fulkek-szamara-az-etkezo-szamara\/\" \/>\n<meta property=\"og:site_name\" content=\"gallerynine5.com\" \/>\n<meta property=\"og:image\" content=\"https:\/\/gallerynine5.com\/wp-content\/uploads\/2023\/01\/6022eac6b2a34c0c7275c0cb_restaurant-698794_1920.jpeg\" \/>\n\t<meta property=\"og:image:width\" content=\"1920\" \/>\n\t<meta property=\"og:image:height\" content=\"1081\" \/>\n<meta name=\"twitter:card\" content=\"summary_large_image\" \/>\n<meta name=\"twitter:label1\" content=\"Becs\u00fclt olvas\u00e1si id\u0151\" \/>\n\t<meta name=\"twitter:data1\" content=\"7 perc\" \/>\n<script type=\"application\/ld+json\" class=\"yoast-schema-graph\">{\"@context\":\"https:\/\/schema.org\",\"@graph\":[{\"@type\":\"WebSite\",\"@id\":\"https:\/\/gallerynine5.com\/hu\/#website\",\"url\":\"https:\/\/gallerynine5.com\/hu\/\",\"name\":\"gallerynine5.com\",\"description\":\"\",\"potentialAction\":[{\"@type\":\"SearchAction\",\"target\":{\"@type\":\"EntryPoint\",\"urlTemplate\":\"https:\/\/gallerynine5.com\/hu\/?s={search_term_string}\"},\"query-input\":\"required name=search_term_string\"}],\"inLanguage\":\"hu\"},{\"@type\":\"ImageObject\",\"@id\":\"https:\/\/gallerynine5.com\/hu\/blog\/a-megfelelo-valasztas-az-ettermi-fulkek-szamara-az-etkezo-szamara\/#primaryimage\",\"inLanguage\":\"hu\",\"url\":\"https:\/\/gallerynine5.com\/wp-content\/uploads\/2023\/01\/6022eac6b2a34c0c7275c0cb_restaurant-698794_1920.jpeg\",\"contentUrl\":\"https:\/\/gallerynine5.com\/wp-content\/uploads\/2023\/01\/6022eac6b2a34c0c7275c0cb_restaurant-698794_1920.jpeg\",\"width\":1920,\"height\":1081},{\"@type\":\"WebPage\",\"@id\":\"https:\/\/gallerynine5.com\/hu\/blog\/a-megfelelo-valasztas-az-ettermi-fulkek-szamara-az-etkezo-szamara\/#webpage\",\"url\":\"https:\/\/gallerynine5.com\/hu\/blog\/a-megfelelo-valasztas-az-ettermi-fulkek-szamara-az-etkezo-szamara\/\",\"name\":\"Az \\u00e9tkez\\u0151helyis\\u00e9g megfelel\\u0151 kiv\\u00e1laszt\\u00e1sa az \\u00e9tkez\\u0151helyis\\u00e9ghez\",\"isPartOf\":{\"@id\":\"https:\/\/gallerynine5.com\/hu\/#website\"},\"primaryImageOfPage\":{\"@id\":\"https:\/\/gallerynine5.com\/hu\/blog\/a-megfelelo-valasztas-az-ettermi-fulkek-szamara-az-etkezo-szamara\/#primaryimage\"},\"datePublished\":\"2023-03-16T07:52:29+00:00\",\"dateModified\":\"2023-03-16T07:52:29+00:00\",\"description\":\"M\\u00edg a konyh\\u00e1ban a legt\\u00f6bb berendez\\u00e9s szinte alapfelszerelts\\u00e9g\\u0171, az \\u00e9ttermi \\u00fcl\\u0151helyek minden bizonnyal olyan ter\\u00fclet, ahol val\\u00f3ban gyakorolhatja kreativit\\u00e1s\\u00e1t, \\u00e9s kialak\\u00edthatja saj\\u00e1t \\u00e9tkez\\u0151j\\u00e9nek identit\\u00e1s\\u00e1t. A rendelkez\\u00e9sre \\u00e1ll\\u00f3 kombin\\u00e1ci\\u00f3k gyakorlatilag v\\u00e9gtelen sz\\u00e1m\\u00fa felhaszn\\u00e1l\\u00e1s\\u00e1val a f\\u00fclk\\u00e9k egyedi megjelen\\u00e9se seg\\u00edthet \\u00e9letre kelteni m\\u00e1rk\\u00e1j\\u00e1t. [\\u2026]\",\"breadcrumb\":{\"@id\":\"https:\/\/gallerynine5.com\/hu\/blog\/a-megfelelo-valasztas-az-ettermi-fulkek-szamara-az-etkezo-szamara\/#breadcrumb\"},\"inLanguage\":\"hu\",\"potentialAction\":[{\"@type\":\"ReadAction\",\"target\":[\"https:\/\/gallerynine5.com\/hu\/blog\/a-megfelelo-valasztas-az-ettermi-fulkek-szamara-az-etkezo-szamara\/\"]}]},{\"@type\":\"BreadcrumbList\",\"@id\":\"https:\/\/gallerynine5.com\/hu\/blog\/a-megfelelo-valasztas-az-ettermi-fulkek-szamara-az-etkezo-szamara\/#breadcrumb\",\"itemListElement\":[{\"@type\":\"ListItem\",\"position\":1,\"name\":\"Home\",\"item\":\"https:\/\/gallerynine5.com\/hu\/\"},{\"@type\":\"ListItem\",\"position\":2,\"name\":\"Blogs\",\"item\":\"https:\/\/gallerynine5.com\/hu\/blog\/\"},{\"@type\":\"ListItem\",\"position\":3,\"name\":\"Az \\u00e9tkez\\u0151helyis\\u00e9g megfelel\\u0151 kiv\\u00e1laszt\\u00e1sa az \\u00e9tkez\\u0151helyis\\u00e9ghez\"}]}]}<\/script>\n<!-- \/ Yoast SEO Premium plugin. -->","yoast_head_json":{"title":"Az \u00e9tkez\u0151helyis\u00e9g megfelel\u0151 kiv\u00e1laszt\u00e1sa az \u00e9tkez\u0151helyis\u00e9ghez","description":"M\u00edg a konyh\u00e1ban a legt\u00f6bb berendez\u00e9s szinte alapfelszerelts\u00e9g\u0171, az \u00e9ttermi \u00fcl\u0151helyek minden bizonnyal olyan ter\u00fclet, ahol val\u00f3ban gyakorolhatja kreativit\u00e1s\u00e1t, \u00e9s kialak\u00edthatja saj\u00e1t \u00e9tkez\u0151j\u00e9nek identit\u00e1s\u00e1t. A rendelkez\u00e9sre \u00e1ll\u00f3 kombin\u00e1ci\u00f3k gyakorlatilag v\u00e9gtelen sz\u00e1m\u00fa felhaszn\u00e1l\u00e1s\u00e1val a f\u00fclk\u00e9k egyedi megjelen\u00e9se seg\u00edthet \u00e9letre kelteni m\u00e1rk\u00e1j\u00e1t. [\u2026]","robots":{"index":"index","follow":"follow","max-snippet":"max-snippet:-1","max-image-preview":"max-image-preview:large","max-video-preview":"max-video-preview:-1"},"canonical":"https:\/\/gallerynine5.com\/hu\/blog\/a-megfelelo-valasztas-az-ettermi-fulkek-szamara-az-etkezo-szamara\/","og_locale":"hu_HU","og_type":"article","og_title":"Az \u00e9tkez\u0151helyis\u00e9g megfelel\u0151 kiv\u00e1laszt\u00e1sa az \u00e9tkez\u0151helyis\u00e9ghez","og_description":"M\u00edg a konyh\u00e1ban a legt\u00f6bb berendez\u00e9s szinte alapfelszerelts\u00e9g\u0171, az \u00e9ttermi \u00fcl\u0151helyek minden bizonnyal olyan ter\u00fclet, ahol val\u00f3ban gyakorolhatja kreativit\u00e1s\u00e1t, \u00e9s kialak\u00edthatja saj\u00e1t \u00e9tkez\u0151j\u00e9nek identit\u00e1s\u00e1t. A rendelkez\u00e9sre \u00e1ll\u00f3 kombin\u00e1ci\u00f3k gyakorlatilag v\u00e9gtelen sz\u00e1m\u00fa felhaszn\u00e1l\u00e1s\u00e1val a f\u00fclk\u00e9k egyedi megjelen\u00e9se seg\u00edthet \u00e9letre kelteni m\u00e1rk\u00e1j\u00e1t. [\u2026]","og_url":"https:\/\/gallerynine5.com\/hu\/blog\/a-megfelelo-valasztas-az-ettermi-fulkek-szamara-az-etkezo-szamara\/","og_site_name":"gallerynine5.com","og_image":[{"width":1920,"height":1081,"url":"https:\/\/gallerynine5.com\/wp-content\/uploads\/2023\/01\/6022eac6b2a34c0c7275c0cb_restaurant-698794_1920.jpeg","type":"image\/jpeg"}],"twitter_card":"summary_large_image","twitter_misc":{"Becs\u00fclt olvas\u00e1si id\u0151":"7 perc"},"schema":{"@context":"https:\/\/schema.org","@graph":[{"@type":"WebSite","@id":"https:\/\/gallerynine5.com\/hu\/#website","url":"https:\/\/gallerynine5.com\/hu\/","name":"gallerynine5.com","description":"","potentialAction":[{"@type":"SearchAction","target":{"@type":"EntryPoint","urlTemplate":"https:\/\/gallerynine5.com\/hu\/?s={search_term_string}"},"query-input":"required name=search_term_string"}],"inLanguage":"hu"},{"@type":"ImageObject","@id":"https:\/\/gallerynine5.com\/hu\/blog\/a-megfelelo-valasztas-az-ettermi-fulkek-szamara-az-etkezo-szamara\/#primaryimage","inLanguage":"hu","url":"https:\/\/gallerynine5.com\/wp-content\/uploads\/2023\/01\/6022eac6b2a34c0c7275c0cb_restaurant-698794_1920.jpeg","contentUrl":"https:\/\/gallerynine5.com\/wp-content\/uploads\/2023\/01\/6022eac6b2a34c0c7275c0cb_restaurant-698794_1920.jpeg","width":1920,"height":1081},{"@type":"WebPage","@id":"https:\/\/gallerynine5.com\/hu\/blog\/a-megfelelo-valasztas-az-ettermi-fulkek-szamara-az-etkezo-szamara\/#webpage","url":"https:\/\/gallerynine5.com\/hu\/blog\/a-megfelelo-valasztas-az-ettermi-fulkek-szamara-az-etkezo-szamara\/","name":"Az \u00e9tkez\u0151helyis\u00e9g megfelel\u0151 kiv\u00e1laszt\u00e1sa az \u00e9tkez\u0151helyis\u00e9ghez","isPartOf":{"@id":"https:\/\/gallerynine5.com\/hu\/#website"},"primaryImageOfPage":{"@id":"https:\/\/gallerynine5.com\/hu\/blog\/a-megfelelo-valasztas-az-ettermi-fulkek-szamara-az-etkezo-szamara\/#primaryimage"},"datePublished":"2023-03-16T07:52:29+00:00","dateModified":"2023-03-16T07:52:29+00:00","description":"M\u00edg a konyh\u00e1ban a legt\u00f6bb berendez\u00e9s szinte alapfelszerelts\u00e9g\u0171, az \u00e9ttermi \u00fcl\u0151helyek minden bizonnyal olyan ter\u00fclet, ahol val\u00f3ban gyakorolhatja kreativit\u00e1s\u00e1t, \u00e9s kialak\u00edthatja saj\u00e1t \u00e9tkez\u0151j\u00e9nek identit\u00e1s\u00e1t. A rendelkez\u00e9sre \u00e1ll\u00f3 kombin\u00e1ci\u00f3k gyakorlatilag v\u00e9gtelen sz\u00e1m\u00fa felhaszn\u00e1l\u00e1s\u00e1val a f\u00fclk\u00e9k egyedi megjelen\u00e9se seg\u00edthet \u00e9letre kelteni m\u00e1rk\u00e1j\u00e1t. [\u2026]","breadcrumb":{"@id":"https:\/\/gallerynine5.com\/hu\/blog\/a-megfelelo-valasztas-az-ettermi-fulkek-szamara-az-etkezo-szamara\/#breadcrumb"},"inLanguage":"hu","potentialAction":[{"@type":"ReadAction","target":["https:\/\/gallerynine5.com\/hu\/blog\/a-megfelelo-valasztas-az-ettermi-fulkek-szamara-az-etkezo-szamara\/"]}]},{"@type":"BreadcrumbList","@id":"https:\/\/gallerynine5.com\/hu\/blog\/a-megfelelo-valasztas-az-ettermi-fulkek-szamara-az-etkezo-szamara\/#breadcrumb","itemListElement":[{"@type":"ListItem","position":1,"name":"Home","item":"https:\/\/gallerynine5.com\/hu\/"},{"@type":"ListItem","position":2,"name":"Blogs","item":"https:\/\/gallerynine5.com\/hu\/blog\/"},{"@type":"ListItem","position":3,"name":"Az \u00e9tkez\u0151helyis\u00e9g megfelel\u0151 kiv\u00e1laszt\u00e1sa az \u00e9tkez\u0151helyis\u00e9ghez"}]}]}},"_links":{"self":[{"href":"https:\/\/gallerynine5.com\/hu\/wp-json\/wp\/v2\/post-type\/blog\/5843","targetHints":{"allow":["GET"]}}],"collection":[{"href":"https:\/\/gallerynine5.com\/hu\/wp-json\/wp\/v2\/post-type\/blog"}],"about":[{"href":"https:\/\/gallerynine5.com\/hu\/wp-json\/wp\/v2\/types\/blog"}],"author":[{"embeddable":true,"href":"https:\/\/gallerynine5.com\/hu\/wp-json\/wp\/v2\/users\/1"}],"wp:featuredmedia":[{"embeddable":true,"href":"https:\/\/gallerynine5.com\/hu\/wp-json\/wp\/v2\/media\/1783"}],"wp:attachment":[{"href":"https:\/\/gallerynine5.com\/hu\/wp-json\/wp\/v2\/media?parent=5843"}],"curies":[{"name":"wp","href":"https:\/\/api.w.org\/{rel}","templated":true}]}}